{"id":10141,"date":"2022-11-25T11:19:15","date_gmt":"2022-11-25T16:19:15","guid":{"rendered":"https:\/\/salud.utp.edu.co\/maestria-gerencia-organizaciones-del-deporte\/?p=10141"},"modified":"2022-11-25T11:36:15","modified_gmt":"2022-11-25T16:36:15","slug":"docentes","status":"publish","type":"post","link":"https:\/\/salud.utp.edu.co\/maestria-gerencia-organizaciones-del-deporte\/sin-categoria-es\/docentes\/","title":{"rendered":"Docentes"},"content":{"rendered":"\n<ul class=\"wp-block-list\"><li>Roberto Mill\u00e1n Gaviria<br>Docente l\u00edder de l\u00ednea del N\u00facleo de Derecho en la Maestr\u00eda en Gerencia de las<br>Organizaciones del Deporte. Abogado, Especialista en Derecho Administrativo,<br>Especialista en Gerencia del Deporte, Mag\u00edster en Derecho Administrativo y Mag\u00edster en<br>Derecho deportivo Internacional.<br>Autor de la base de datos Especializada: Derecho Deportivo Colombiano y director<br>Acad\u00e9mico en el Congreso Bienal de Derecho Deportivo<\/li><\/ul>\n\n\n\n<p><span class=\"post-content__span\"> <\/p>\n\n\n\n<ul class=\"wp-block-list\"><li>Claudia Patricia Cardona<br>Docente L\u00edder del N\u00facleo de investigaci\u00f3n para la Maestr\u00eda en Gerencia de las<br>Organizaciones del Deporte. Profesional en Ciencias del Deporte y la Recreaci\u00f3n,<br>Especialista en Gerencia del Deporte y la Recreaci\u00f3n, Mag\u00edster en Administraci\u00f3n del<br>Desarrollo Humano y Organizacional, y Aspirante a Doctora en Ciencias de la<br>Administraci\u00f3n.<\/li><\/ul>\n\n\n\n<p><span class=\"post-content__span\"> <\/p>\n\n\n\n<ul class=\"wp-block-list\"><li>\u00c1ngela Jasm\u00edn G\u00f3mez<br>Directora de la Maestr\u00eda en Gerencia de las Organizaciones del Deporte. Profesional en<br>Ciencias del Deporte y la Recreaci\u00f3n, Especialista en Direcci\u00f3n y Gesti\u00f3n Deportiva, y<br>Mag\u00edster en Gerencia del Talento Humano.<br>Presidente de la Asociaci\u00f3n Latinoamericana de Gerencia Deportiva (ALGEDE), Directora<br>del Semillero de investigaci\u00f3n GIGEDE y L\u00edder Extensionista.<\/li><\/ul>\n\n\n\n<p><span class=\"post-content__span\"> <\/p>\n\n\n\n<ul class=\"wp-block-list\"><li>Manuel Alfonso Garz\u00f3n<br>Director del grupo de investigaci\u00f3n Fundaci\u00f3n para la Investigaci\u00f3n y el Desarrollo<br>Educativo Empresarial (FIDEE), Profesional en Administraci\u00f3n de Empresas, Mag\u00edster en<br>Docencia, Doctorado en Administraci\u00f3n, PhD in Business\/Administraci\u00f3n y Postdoctorado<br>del Departamento de Administraci\u00f3n de la Universidad de S\u00e3o Paulo.<\/li><\/ul>\n\n\n\n<p><span class=\"post-content__span\"> <\/p>\n\n\n\n<ul class=\"wp-block-list\"><li>Jhonatan Gonz\u00e1lez<br>Amplia experiencia como docente universitario as\u00ed como en la direcci\u00f3n de trabajos de<br>grado y como jurado evaluador de investigaci\u00f3n. Profesional en Ciencias del Deporte y la<br>Recreaci\u00f3n \u2013 UTP, Especialista en Pol\u00edtica P\u00fablica para la Igualdad en Am\u00e9rica Latina,<br>Magister en Educaci\u00f3n y Desarrollo Humano, Doctor en Ciencias de la Educaci\u00f3n y<br>Candidato a Doctor en Ciencias de la Nutrici\u00f3n Universidad Aut\u00f3noma de Sinaloa.<\/li><\/ul>\n\n\n\n<p><span class=\"post-content__span\"> <\/p>\n\n\n\n<ul class=\"wp-block-list\"><li>Sorayda Mart\u00ednez Monroy<br>Aspirante a Doctora en Administraci\u00f3n Gerencial, Magister en Comunicaci\u00f3n y Educaci\u00f3n,<br>Especialista en Gerencia de Mercadeo, y Profesional en Publicidad Experiencia de 15 a\u00f1os<br>en Docencia Universitaria en las \u00e1reas de Mercadeo, Publicidad, Investigaci\u00f3n de<br>Mercados. Experiencia de 12 a\u00f1os como gerente y directora de Departamentos de<br>Mercadeo y Publicidad de empresas privadas con habilidades y experiencia en direcci\u00f3n y<br>asesor\u00eda de proyectos.<\/li><\/ul>\n\n\n\n<p><span class=\"post-content__span\"> <\/p>\n\n\n\n<ul class=\"wp-block-list\"><li>Jhon Alexander Posada<br>Asesor del \u00c1rea mercadeo y posicionamiento de marca. Docente del programa de<br>Especializaci\u00f3n en Gerencia del Deporte, Asesor en Marketing Digital, Administrador en<br>Mercadeo, Publicidad y Ventas Especialista en Gerencia de Publicidad Especialista en<\/li><\/ul>\n\n\n\n<p><span class=\"post-content__span\"> <\/p>\n\n\n\n<p><span class=\"post-content__span\"> Gerencia del Deporte, Aspirante. Mag\u00edster en Marketing Digital y Aspirante. Mag\u00edster en<br>Gerencia de proyectos<\/p>\n\n\n\n<ul class=\"wp-block-list\"><li>Claudia Lorena Morales<br>Asesora para la formulaci\u00f3n de proyectos de Deporte y regal\u00edas. SDRC. Funcionaria de la<br>Vicerrector\u00eda de Responsabilidad Social y Bienestar Universitario Docente del programa de<br>Especializaci\u00f3n en Gerencia del Deporte, es Profesional en Ciencias del Deporte y la<br>Recreaci\u00f3n, Especialista en Gerencia del Deporte y la Recreaci\u00f3n, y Mag\u00edster en Gerencia<br>del Talento Humano.<\/li><\/ul>\n\n\n\n<p><span class=\"post-content__span\"> <\/p>\n\n\n\n<ul class=\"wp-block-list\"><li>Duv\u00e1n Javier Mu\u00f1oz Giraldo<br>Asesor y consultor en entidades p\u00fablicas y privadas pertenecientes al Sistema Nacional del<br>Deporte, coordinador en diferentes entidades deportivas pertenecientes el Sistema Nacional<br>del Deporte, Miembro del grupo de investigaci\u00f3n GESTAS del Polit\u00e9cnico Colombiano<br>Jaime Isaza Cadavid, Profesional en Deporte, Especialista en Evaluaci\u00f3n y Gerencia de<br>Proyectos , y Mag\u00edster en Gesti\u00f3n de Organizaciones.<br><\/li><li>\u00c1ngela Mar\u00eda Jim\u00e9nez<br>Jefe de Parques y Programas de Recreaci\u00f3n, Deporte y Turismo COMFANDI. Licenciada<br>en Educaci\u00f3n F\u00edsica y Recreaci\u00f3n Universidad de Caldas, Magister en Gerencia Tur\u00edstica,<br>Especialista en Actividad F\u00edsica Terap\u00e9utica, Especialista en Gerencia Empresarial,<br>Diplomado en Gesti\u00f3n Humana, Diplomado Prepar\u00e1ndonos para ofrecer experiencias<br>memorables al turista de hoy Gu\u00eda profesional de Turismo SENA.<\/li><\/ul>\n\n\n\n<p><span class=\"post-content__span\"> <\/p>\n\n\n\n<ul class=\"wp-block-list\"><li>Luis Carlos Buitrago<br>Coordinador GIT Juegos y Eventos en Ministerio del Deporte \u2013 Colombia. Licenciatura en<br>Educaci\u00f3n B\u00e1sica con \u00c9nfasis en Educaci\u00f3n F\u00edsica, Recreaci\u00f3n y Deportes Especialista en<br>Direcci\u00f3n y Gesti\u00f3n Deportiva, Especialista en Intervenci\u00f3n Integral en el Deportista y<br>Magister en Intervenci\u00f3n Integral en el Deportista.<\/li><\/ul>\n\n\n\n<p><span class=\"post-content__span\"> <\/p>\n\n\n\n<ul class=\"wp-block-list\"><li>Viviana Marcela Giraldo<br>Licenciada en Educaci\u00f3n F\u00edsica de la Universidad de Antioquia, Especialista en Gerencia<br>de la Calidad de la Universidad EAFIT, Especialista en Gesti\u00f3n y Mantenimiento de<br>Instalaciones Deportivas. Universidad Castilla La Mancha. Toledo, Espa\u00f1a Magister en<br>Gerencia Integral Por Procesos. Universidad EAFIT. Medell\u00edn, Instituto Universitario de<br>Educaci\u00f3n F\u00edsica y Deporte Universidad de Antioquia (IUEFD).<\/li><\/ul>\n\n\n\n<p><span class=\"post-content__span\"> <\/p>\n\n\n\n<ul class=\"wp-block-list\"><li>Keitra Ludynn Rodr\u00edguez<\/li><\/ul>\n\n\n\n<p><span class=\"post-content__span\"> Profesional en Ciencias del Deporte y la Recreaci\u00f3n, Especialista en Gerencia del Deporte,<br>Docente del Programa Ciencias del Deporte y la Recreaci\u00f3n Aspirante y Mag. En<br>Educaci\u00f3n Universidad Tecnol\u00f3gica de Pereira<\/p>\n\n\n\n<ul class=\"wp-block-list\"><li>Carlos Danilo Zapata<br>Docente del Programa Ciencias del Deporte y la Recreaci\u00f3n y de la Especializaci\u00f3n en<br>Gerencia del Deporte UTP.<br>Docente de Pregrado Profesional en Ciencias del Deporte y la Recreaci\u00f3n \u2013 UTP.<br>Docente del programa de Especializaci\u00f3n en Gerencia del Deporte \u2013 UTP.<br>Coordinador de la L\u00ednea de Actividad F\u00edsica y Salud del Grupo de Investigaci\u00f3n, Cultura<br>de la Salud \u2013 UTP.<\/li><\/ul>\n\n\n\n<p><span class=\"post-content__span\"> <\/p>\n\n\n\n<ul class=\"wp-block-list\"><li><br>Categor\u00eda B Colciencias Profesional en Deporte y Actividad F\u00edsica, Especialista en<br>Administraci\u00f3n del Desarrollo Humano. Mag\u00edster en Administraci\u00f3n del Desarrollo<br>Humano y Organizacional.<\/li><\/ul>\n\n\n\n<p><span class=\"post-content__span\"> <\/p>\n\n\n\n<ul class=\"wp-block-list\"><li>Robinson Andr\u00e9s Medina<br>Asesor metodol\u00f3gico de proyectos de Investigaci\u00f3n de la Especializaci\u00f3n en Gerencia del<br>Deporte de la Universidad Tecnol\u00f3gica de Pereira. Docente de Pregrado Profesional en<br>Ciencias del Deporte y la Recreaci\u00f3n \u2013 UTP, Docente del programa de Especializaci\u00f3n en<br>Gerencia del Deporte y Maestr\u00eda en Gerencia de las Organizaciones del Deporte \u2013 UTP,<br>Profesional en Ciencias del Deporte y la Recreaci\u00f3n UTP, Especialista en Gerencia del<br>Deporte y la Recreaci\u00f3n UTP, Mag\u00edster en Administraci\u00f3n del Desarrollo Humano y<br>Organizacional.<\/li><\/ul>\n\n\n\n<p><span class=\"post-content__span\"> <\/p>\n\n\n\n<ul class=\"wp-block-list\"><li>Baltazar Medina<br>Ex Presidente del Comit\u00e9 Ol\u00edmpico Colombiano (COC)<br>Presidente de ODEBO, Vicepresidente de ODESUR, Docente del programa de<br>Especializaci\u00f3n en Gerencia del Deporte \u2013 UTP. Gerente 2001 &#8211; 2003 Indeportes<br>Antioquia, Miembro de la Junta Directiva de Indeportes Antioquia. Licenciado en<br>Educaci\u00f3n F\u00edsica Especialista en Direcci\u00f3n y Gesti\u00f3n Deportiva. M\u00e1ster Ejecutivo en<br>Gesti\u00f3n de Organizaciones Deportivas.<\/li><\/ul>\n\n\n\n<p><span class=\"post-content__span\"> <\/p>\n\n\n\n<ul class=\"wp-block-list\"><li>Norman Jairo Pach\u00f3n<br>Director del Programa Profesional Ciencias del Deporte y la Recreaci\u00f3n \u2013 UTP, Docente de<br>Pregrado Profesional en Ciencias del Deporte y la Recreaci\u00f3n \u2013 UTP, Docente del<br>programa de Especializaci\u00f3n en Gerencia del Deporte \u2013 UTP, Licenciado en Educaci\u00f3n<br>F\u00edsica y Recreaci\u00f3n de la Universidad de Caldas, Especialista en Educaci\u00f3n del Arte y el<br>Folclor, Mag\u00edster en Pedagog\u00edas Activas y Desarrollo Humano.<\/li><\/ul>\n\n\n\n<p><span class=\"post-content__span\"> <\/p>\n\n\n\n<ul class=\"wp-block-list\"><li>Gustavo Adolfo Moreno<\/li><\/ul>\n\n\n\n<p><span class=\"post-content__span\">          Docente del M\u00f3dulo de Recreaci\u00f3n para el Desarrollo de las Organizaciones, Docente de<br>         Pregrado Profesional en Ciencias del Deporte y la Recreaci\u00f3n \u2013 UTP, Docente del<br>         programa de Especializaci\u00f3n en Gerencia del Deporte \u2013 UTP, Licenciado en Educaci\u00f3n<br>         F\u00edsica y Recreaci\u00f3n, Especialista en Pedagog\u00eda y Desarrollo Humano, Mag\u00edster en<br>         Administraci\u00f3n del Desarrollo Humano y organizacional.<\/p>\n\n\n\n<ul class=\"wp-block-list\"><li>Camilo Cadavid Giraldo<br>Profesional en la Administraci\u00f3n de redes y Seguridad de la informaci\u00f3n de la UTP,<br>Docente del programa de Especializaci\u00f3n en Gerencia del Deporte \u2013 UTP, Ingeniero en<br>Sistemas y Computaci\u00f3n Especialista en Redes de Datos.<\/li><\/ul>\n\n\n\n<p><span class=\"post-content__span\"> <\/p>\n\n\n\n<ul class=\"wp-block-list\"><li>Juan Andr\u00e9s Hernando L\u00f3pez<br>Arquitecto Urbanista, especializado en infraestructuras Deportivas y recreativas para la<br>gesti\u00f3n del tiempo libre.<br>Docente habitual, desde 1981, en el \u00e1rea de \u201cla planificaci\u00f3n, dise\u00f1o y gesti\u00f3n de<br>instalaciones deportivas\u201d, para diferentes entidades p\u00fablicas y privadas. (m\u00e1s de 20<br>Universidades y otros \u00e1mbitos consultivos y educativos, en el \u00e1rea Iberoamericana (Espa\u00f1a-<br>Portugal-Andorra, Argentina-Uruguay-Bolivia\u2013Colombia\u2013Panam\u00e1-Costa Rica\u2013Guatemala-<br>Honduras- Brasil). Cofundador del estudio de arquitectura y urbanismo: \u201cHernando &amp;<br>Sauque arquitectos\u201d SLP (Barcelona\/Espa\u00f1a), autores de m\u00e1s de 500 espacios deportivos,<br>en diferentes pa\u00edses iberoamericanos. Cofundador de la Asociaci\u00f3n Iberoamericana de<br>Infraestructuras Deportivas y Recreativas (AIIDYR-2009), presidiendo los 5 Congresos<br>Iberoamericanos de Instalaciones Deportivas (CIDYR) en Espa\u00f1a y Am\u00e9rica Latina<br>(Barcelona\/Sao Paulo\/Barcelona\/Montevideo\/Zaragoza). Miembro y colaborador activo, de<br>diferentes Asociaciones y Publicaciones Internacionales vinculadas con el deporte, su<br>promoci\u00f3n, dise\u00f1o y gesti\u00f3n de infraestructuras (AETIDE, ACGEP, ACAGEDE, KAIT,<br>IAKS, FCE, APUNTS, VIREF, AEN\/CTN, DEPORCAM, INSTALACIONES XXI,<br>PISCINAS XXI, FCE, APOGESD, DEPORCAM, entre otras.)<\/li><\/ul>\n\n\n\n<p><span class=\"post-content__span\"> <\/p>\n\n\n\n<ul class=\"wp-block-list\"><li>Andr\u00e9s Leonardo Colorado<br>Coordinador de los Programas Acad\u00e9micos del Polit\u00e9cnico Colombiano Jaime Isaza<br>Cadavid en la Facultad de Educaci\u00f3n F\u00edsica. Docente del programa de Especializaci\u00f3n en<br>Gerencia del Deporte \u2013 UTP. Investigador Junior (IJ). Licenciado en Educaci\u00f3n F\u00edsica,<br>Mag\u00edster en Administraci\u00f3n.<\/li><\/ul>\n\n\n\n<p><span class=\"post-content__span\"> <\/p>\n\n\n\n<ul class=\"wp-block-list\"><li>Enis Paola Garc\u00eda<br>Consultora en la Implementaci\u00f3n y Mejoramiento de Sistemas de Gesti\u00f3n HSEQ, en<br>Empresas P\u00fablicas y Privadas, Ingeniera Industrial, Especialista en Gesti\u00f3n de la Calidad y<br>Normalizaci\u00f3n T\u00e9cnica. Mag\u00edster en Sistemas Integrados de Gesti\u00f3n Docente, del Posgrado<br>Especializaci\u00f3n en Gerencia del Deporte \u2013 UTP.<\/li><\/ul>\n\n\n\n<ul class=\"wp-block-list\"><li>Luis Hernando Monta\u00f1ez<br>Funcionario de la DIAN, con m\u00e1s de 27 a\u00f1os de experiencia &#8211; Unidad Administrativa<br>Especial de Direcci\u00f3n de impuestos. Docente del programa de Especializaci\u00f3n en Gerencia<br>del Deporte \u2013 UTP, Administrador de Empresas, Especialista en Gesti\u00f3n Tributaria.<\/li><\/ul>\n\n\n\n<p><span class=\"post-content__span\"> <\/p>\n\n\n\n<ul class=\"wp-block-list\"><li>Samf\u00edr Gonz\u00e1lez Grajales<br>Docente del m\u00f3dulo en Emprendimiento y Gesti\u00f3n de la Innovaci\u00f3n en el Deporte.<br>Emprendedor y Consultor en Gesti\u00f3n de la Innovaci\u00f3n y Prospectiva Estrat\u00e9gica. Miembro<br>de la red de estructuradores de proyectos de CTEL. Minciencias. Docente del programa de<br>Especializaci\u00f3n en Gerencia del Deporte \u2013 UTP. Profesional en Ciencias del Deporte y la<br>Recreaci\u00f3n UTP, Especialista en Gerencia del Deporte, Especialista en Gerencia de<br>proyectos y Mag\u00edster en Gerencia de Proyectos.<br><\/li><li>Fernan Henao Mej\u00eda<br>Coordinador del Centro de Extensi\u00f3n y de Relaciones Internacionales del Instituto<br>Universitario de Educaci\u00f3n F\u00edsica y Deporte de la Universidad de Antioquia, Miembro del<br>comit\u00e9 ejecutivo de la Liga Antioque\u00f1a de Voleibol, Docente del programa de<br>Especializaci\u00f3n en Gerencia del Deporte \u2013 UTP, Licenciado en Educaci\u00f3n F\u00edsica y<br>Deportes, Especialista en Administraci\u00f3n Deportiva con \u00c9nfasis en Gerencia, Mag\u00edster en<br>Gerencia del Talento Humano.<\/li><\/ul>\n\n\n\n<p><span class=\"post-content__span\"> <\/p>\n\n\n\n<ul class=\"wp-block-list\"><li>Jaime Andr\u00e9s Ram\u00edrez<br>L\u00edder de Proceso de Asesor\u00eda a la Planeaci\u00f3n Acad\u00e9mica de la Universidad Tecnol\u00f3gica de<br>Pereira. Docente Universitario en Pregrado y Posgrado \u2013 UTP. Docente del programa de<br>Especializaci\u00f3n en Gerencia del Deporte \u2013 UTP, Ingeniero Industrial, Mag\u00edster en<br>Administraci\u00f3n, Econ\u00f3mica y Financiera con \u00c9nfasis en Comercio Internacional.<\/li><\/ul>\n\n\n\n<p><span class=\"post-content__span\"> <\/p>\n\n\n\n<ul class=\"wp-block-list\"><li>Mauricio L\u00f3pez Garc\u00eda<br>Docente Facultad de Derecho de la Universidad Libre Seccional Pereira. Docente del<br>programa de Especializaci\u00f3n en Gerencia del Deporte \u2013 UTP, Abogado Especialista en<br>Derecho Administrativo, Mag\u00edster en Derecho P\u00fablico, Aspirante a Doctor en Derecho.<\/li><\/ul>\n","protected":false},"excerpt":{"rendered":"<p>Roberto Mill\u00e1n GaviriaDocente l\u00edder de l\u00ednea del N\u00facleo de Derecho en la Maestr\u00eda en Gerencia de lasOrganizaciones del Deporte. Abogado, Especialista en Derecho Administrativo,Especialista en Gerencia del Deporte, Mag\u00edster en [&#8230;]<\/p>\n","protected":false},"author":1,"featured_media":0,"comment_status":"closed","ping_status":"closed","sticky":false,"template":"","format":"standard","meta":{"footnotes":""},"categories":[14],"tags":[],"class_list":["post-10141","post","type-post","status-publish","format-standard","hentry","category-sin-categoria-es"],"_links":{"self":[{"href":"https:\/\/salud.utp.edu.co\/maestria-gerencia-organizaciones-del-deporte\/wp-json\/wp\/v2\/posts\/10141","targetHints":{"allow":["GET"]}}],"collection":[{"href":"https:\/\/salud.utp.edu.co\/maestria-gerencia-organizaciones-del-deporte\/wp-json\/wp\/v2\/posts"}],"about":[{"href":"https:\/\/salud.utp.edu.co\/maestria-gerencia-organizaciones-del-deporte\/wp-json\/wp\/v2\/types\/post"}],"author":[{"embeddable":true,"href":"https:\/\/salud.utp.edu.co\/maestria-gerencia-organizaciones-del-deporte\/wp-json\/wp\/v2\/users\/1"}],"replies":[{"embeddable":true,"href":"https:\/\/salud.utp.edu.co\/maestria-gerencia-organizaciones-del-deporte\/wp-json\/wp\/v2\/comments?post=10141"}],"version-history":[{"count":1,"href":"https:\/\/salud.utp.edu.co\/maestria-gerencia-organizaciones-del-deporte\/wp-json\/wp\/v2\/posts\/10141\/revisions"}],"predecessor-version":[{"id":10142,"href":"https:\/\/salud.utp.edu.co\/maestria-gerencia-organizaciones-del-deporte\/wp-json\/wp\/v2\/posts\/10141\/revisions\/10142"}],"wp:attachment":[{"href":"https:\/\/salud.utp.edu.co\/maestria-gerencia-organizaciones-del-deporte\/wp-json\/wp\/v2\/media?parent=10141"}],"wp:term":[{"taxonomy":"category","embeddable":true,"href":"https:\/\/salud.utp.edu.co\/maestria-gerencia-organizaciones-del-deporte\/wp-json\/wp\/v2\/categories?post=10141"},{"taxonomy":"post_tag","embeddable":true,"href":"https:\/\/salud.utp.edu.co\/maestria-gerencia-organizaciones-del-deporte\/wp-json\/wp\/v2\/tags?post=10141"}],"curies":[{"name":"wp","href":"https:\/\/api.w.org\/{rel}","templated":true}]}}