{"id":6,"date":"2018-05-08T16:53:14","date_gmt":"2018-05-08T21:53:14","guid":{"rendered":"https:\/\/salud.utp.edu.co\/biologia-molecular-y-biotecnologia\/resultados-de-aprendizaje\/"},"modified":"2018-05-08T16:53:14","modified_gmt":"2018-05-08T21:53:14","slug":"resultados-de-aprendizaje","status":"publish","type":"post","link":"https:\/\/salud.utp.edu.co\/maestria-biologia-molecular-y-biotecnologia\/sin-categoria\/resultados-de-aprendizaje\/","title":{"rendered":"Resultados de Aprendizaje"},"content":{"rendered":"\n<p><span class=\"post-content__span\"> El egresado del programa estar\u00e1 en capacidad de:<\/p>\n\n\n\n<ul class=\"wp-block-list\"><li>Adelantar investigaciones en el \u00e1rea de la Biolog\u00eda Molecular y Biotecnolog\u00eda al interior de grupos y centros de investigaci\u00f3n, instituciones prestadoras servicios de salud y de empresas del sector biotecnol\u00f3gico.<\/li><li>Trabajar en equipo para apoyar actividades cient\u00edficas, tecnol\u00f3gicas y docentes relacionadas con la Biolog\u00eda Molecular y Biotecnolog\u00eda<\/li><li>Contribuir en la soluci\u00f3n de problemas acad\u00e9micos y profesionales en Biolog\u00eda Molecular y Biotecnolog\u00eda.<\/li><li>Revisar cr\u00edticamente la literatura cient\u00edfica en el \u00e1rea de formaci\u00f3n y promover la publicaci\u00f3n cient\u00edfica<\/li><li>Asumir un compromiso \u00e9tico con la sociedad y adecuado manejo de los recursos.<\/li><\/ul>\n\n\n\n<p><span class=\"post-content__span\"> Expectativas ocupacionales del egresado:<\/p>\n\n\n\n<p><span class=\"post-content__span\"> El egresado tendr\u00e1 toda la formaci\u00f3n y competencias para desempe\u00f1arse como:<\/p>\n\n\n\n<ul class=\"wp-block-list\"><li>Docente e investigador tanto en Instituciones de Educaci\u00f3n media y superior como en Centros e Institutos de Investigaci\u00f3n Cient\u00edfica.<\/li><li>Gerente de proyectos.<\/li><li>Consultor Independiente en actividades de CTI<\/li><li>Creador de empresas de base tecnol\u00f3gica.<\/li><\/ul>\n","protected":false},"excerpt":{"rendered":"<p>El egresado del programa estar\u00e1 en capacidad de: Adelantar investigaciones en el \u00e1rea de la Biolog\u00eda Molecular y Biotecnolog\u00eda al interior de grupos y centros de investigaci\u00f3n, instituciones prestadoras servicios [&#8230;]<\/p>\n","protected":false},"author":1,"featured_media":0,"comment_status":"closed","ping_status":"closed","sticky":false,"template":"","format":"standard","meta":{"footnotes":""},"categories":[9],"tags":[],"class_list":["post-6","post","type-post","status-publish","format-standard","hentry","category-sin-categoria"],"_links":{"self":[{"href":"https:\/\/salud.utp.edu.co\/maestria-biologia-molecular-y-biotecnologia\/wp-json\/wp\/v2\/posts\/6","targetHints":{"allow":["GET"]}}],"collection":[{"href":"https:\/\/salud.utp.edu.co\/maestria-biologia-molecular-y-biotecnologia\/wp-json\/wp\/v2\/posts"}],"about":[{"href":"https:\/\/salud.utp.edu.co\/maestria-biologia-molecular-y-biotecnologia\/wp-json\/wp\/v2\/types\/post"}],"author":[{"embeddable":true,"href":"https:\/\/salud.utp.edu.co\/maestria-biologia-molecular-y-biotecnologia\/wp-json\/wp\/v2\/users\/1"}],"replies":[{"embeddable":true,"href":"https:\/\/salud.utp.edu.co\/maestria-biologia-molecular-y-biotecnologia\/wp-json\/wp\/v2\/comments?post=6"}],"version-history":[{"count":1,"href":"https:\/\/salud.utp.edu.co\/maestria-biologia-molecular-y-biotecnologia\/wp-json\/wp\/v2\/posts\/6\/revisions"}],"predecessor-version":[{"id":10072,"href":"https:\/\/salud.utp.edu.co\/maestria-biologia-molecular-y-biotecnologia\/wp-json\/wp\/v2\/posts\/6\/revisions\/10072"}],"wp:attachment":[{"href":"https:\/\/salud.utp.edu.co\/maestria-biologia-molecular-y-biotecnologia\/wp-json\/wp\/v2\/media?parent=6"}],"wp:term":[{"taxonomy":"category","embeddable":true,"href":"https:\/\/salud.utp.edu.co\/maestria-biologia-molecular-y-biotecnologia\/wp-json\/wp\/v2\/categories?post=6"},{"taxonomy":"post_tag","embeddable":true,"href":"https:\/\/salud.utp.edu.co\/maestria-biologia-molecular-y-biotecnologia\/wp-json\/wp\/v2\/tags?post=6"}],"curies":[{"name":"wp","href":"https:\/\/api.w.org\/{rel}","templated":true}]}}