{"id":121,"date":"2020-10-05T15:41:23","date_gmt":"2020-10-05T20:41:23","guid":{"rendered":""},"modified":"2025-03-01T04:20:55","modified_gmt":"2025-03-01T09:20:55","slug":"protocolo-proceso-de-admision-posgrados-mxq-2022","status":"publish","type":"post","link":"https:\/\/salud.utp.edu.co\/especializacion-psiquiatria\/sin-categoria\/protocolo-proceso-de-admision-posgrados-mxq-2022\/","title":{"rendered":"Protocolo Proceso de Admisi\u00f3n Posgrados MXQ 2022"},"content":{"rendered":"\n<h3 class=\"wp-block-heading\">PROTOCOLO DEL PROCESO DE ADMISI\u00d3N PARA NUEVAS COHORTES DE LOS POSGRADOS EN MEDICINA INTERNA, MEDICINA CRITICA Y CUIDADO INTENSIVO, PSIQUIATR\u00cdA Y PEDIATR\u00cdA<\/h3>\n\n\n\n<p><span class=\"post-content__span\"> En el siguiente enlace encontrar\u00e1 el protocolo de admisi\u00f3n el cual incluye los requisitos de presentaci\u00f3n del examen de preselecci\u00f3n <span>presencial a realizarse el 19 de octubre a las 8:00 a.m. en el Campus UTP: <a href=\"https:\/\/media2.utp.edu.co\/archivos\/Documento%20para%20publicacio%CC%81n%20en%20pa%CC%81gina%20WEB%20de%20Posgrados_Protocolo%20Convocatoria%202022_1%282%29.pdf\"><strong>Protocolo<\/strong><\/a><\/span><\/p>\n","protected":false},"excerpt":{"rendered":"<p>PROTOCOLO DEL PROCESO DE ADMISI\u00d3N PARA NUEVAS COHORTES DE LOS POSGRADOS EN MEDICINA INTERNA, MEDICINA CRITICA Y CUIDADO INTENSIVO, PSIQUIATR\u00cdA Y PEDIATR\u00cdA En el siguiente enlace encontrar\u00e1 el protocolo de [&#8230;]<\/p>\n","protected":false},"author":1,"featured_media":10003,"comment_status":"closed","ping_status":"closed","sticky":false,"template":"","format":"standard","meta":{"footnotes":""},"categories":[1],"tags":[],"class_list":["post-121","post","type-post","status-publish","format-standard","has-post-thumbnail","hentry","category-sin-categoria"],"_links":{"self":[{"href":"https:\/\/salud.utp.edu.co\/especializacion-psiquiatria\/wp-json\/wp\/v2\/posts\/121","targetHints":{"allow":["GET"]}}],"collection":[{"href":"https:\/\/salud.utp.edu.co\/especializacion-psiquiatria\/wp-json\/wp\/v2\/posts"}],"about":[{"href":"https:\/\/salud.utp.edu.co\/especializacion-psiquiatria\/wp-json\/wp\/v2\/types\/post"}],"author":[{"embeddable":true,"href":"https:\/\/salud.utp.edu.co\/especializacion-psiquiatria\/wp-json\/wp\/v2\/users\/1"}],"replies":[{"embeddable":true,"href":"https:\/\/salud.utp.edu.co\/especializacion-psiquiatria\/wp-json\/wp\/v2\/comments?post=121"}],"version-history":[{"count":1,"href":"https:\/\/salud.utp.edu.co\/especializacion-psiquiatria\/wp-json\/wp\/v2\/posts\/121\/revisions"}],"predecessor-version":[{"id":10014,"href":"https:\/\/salud.utp.edu.co\/especializacion-psiquiatria\/wp-json\/wp\/v2\/posts\/121\/revisions\/10014"}],"wp:featuredmedia":[{"embeddable":true,"href":"https:\/\/salud.utp.edu.co\/especializacion-psiquiatria\/wp-json\/wp\/v2\/media\/10003"}],"wp:attachment":[{"href":"https:\/\/salud.utp.edu.co\/especializacion-psiquiatria\/wp-json\/wp\/v2\/media?parent=121"}],"wp:term":[{"taxonomy":"category","embeddable":true,"href":"https:\/\/salud.utp.edu.co\/especializacion-psiquiatria\/wp-json\/wp\/v2\/categories?post=121"},{"taxonomy":"post_tag","embeddable":true,"href":"https:\/\/salud.utp.edu.co\/especializacion-psiquiatria\/wp-json\/wp\/v2\/tags?post=121"}],"curies":[{"name":"wp","href":"https:\/\/api.w.org\/{rel}","templated":true}]}}