{"id":9,"date":"2018-04-23T16:01:49","date_gmt":"2018-04-23T21:01:49","guid":{"rendered":""},"modified":"2022-09-14T09:53:49","modified_gmt":"2022-09-14T14:53:49","slug":"horario-duracion-e-intensidad","status":"publish","type":"post","link":"https:\/\/salud.utp.edu.co\/especializacion-medicina-critica-intensivo\/sin-categoria\/horario-duracion-e-intensidad\/","title":{"rendered":"Horario Duraci\u00f3n e Intensidad"},"content":{"rendered":"<div class=\"wp-block-image\">\n<figure class=\"aligncenter is-resized\"><img decoding=\"async\" src=\"https:\/\/media2.utp.edu.co\/programas\/7\/horario-duracion-e-intensidad.png\" alt=\"horario-duracion-e-intensidad\" width=\"300\"\/><\/figure>\n<\/div>\n\n\n<p><span class=\"post-content__span\"> La especializaci\u00f3n en Medicina Cr\u00edtica y Cuidado Intensivo de la Universidad Tecnol\u00f3gica de Pereira, tiene una duraci\u00f3n de ocho semestres, cada uno con una duraci\u00f3n de 24.5 semanas. 15&nbsp;d\u00edas h\u00e1biles al a\u00f1o&nbsp;de vacaciones, Las caracter\u00edsticas de estudio semanal est\u00e1n en un rango de 48 a 66 horas, donde se incluyen todas las actividades acad\u00e9micas adem\u00e1s de los turnos y asesor\u00edas.<\/p>\n","protected":false},"excerpt":{"rendered":"<p>La especializaci\u00f3n en Medicina Cr\u00edtica y Cuidado Intensivo de la Universidad Tecnol\u00f3gica de Pereira, tiene una duraci\u00f3n de ocho semestres, cada uno con una duraci\u00f3n de 24.5 semanas. 15&nbsp;d\u00edas h\u00e1biles [&#8230;]<\/p>\n","protected":false},"author":0,"featured_media":0,"comment_status":"closed","ping_status":"closed","sticky":false,"template":"","format":"standard","meta":{"footnotes":""},"categories":[1],"tags":[],"class_list":["post-9","post","type-post","status-publish","format-standard","hentry","category-sin-categoria"],"_links":{"self":[{"href":"https:\/\/salud.utp.edu.co\/especializacion-medicina-critica-intensivo\/wp-json\/wp\/v2\/posts\/9","targetHints":{"allow":["GET"]}}],"collection":[{"href":"https:\/\/salud.utp.edu.co\/especializacion-medicina-critica-intensivo\/wp-json\/wp\/v2\/posts"}],"about":[{"href":"https:\/\/salud.utp.edu.co\/especializacion-medicina-critica-intensivo\/wp-json\/wp\/v2\/types\/post"}],"replies":[{"embeddable":true,"href":"https:\/\/salud.utp.edu.co\/especializacion-medicina-critica-intensivo\/wp-json\/wp\/v2\/comments?post=9"}],"version-history":[{"count":2,"href":"https:\/\/salud.utp.edu.co\/especializacion-medicina-critica-intensivo\/wp-json\/wp\/v2\/posts\/9\/revisions"}],"predecessor-version":[{"id":10176,"href":"https:\/\/salud.utp.edu.co\/especializacion-medicina-critica-intensivo\/wp-json\/wp\/v2\/posts\/9\/revisions\/10176"}],"wp:attachment":[{"href":"https:\/\/salud.utp.edu.co\/especializacion-medicina-critica-intensivo\/wp-json\/wp\/v2\/media?parent=9"}],"wp:term":[{"taxonomy":"category","embeddable":true,"href":"https:\/\/salud.utp.edu.co\/especializacion-medicina-critica-intensivo\/wp-json\/wp\/v2\/categories?post=9"},{"taxonomy":"post_tag","embeddable":true,"href":"https:\/\/salud.utp.edu.co\/especializacion-medicina-critica-intensivo\/wp-json\/wp\/v2\/tags?post=9"}],"curies":[{"name":"wp","href":"https:\/\/api.w.org\/{rel}","templated":true}]}}