{"id":8,"date":"2018-04-23T16:00:56","date_gmt":"2018-04-23T21:00:56","guid":{"rendered":""},"modified":"2022-09-23T16:29:49","modified_gmt":"2022-09-23T21:29:49","slug":"requisitos-de-admision","status":"publish","type":"post","link":"https:\/\/salud.utp.edu.co\/especializacion-medicina-critica-intensivo\/sin-categoria\/requisitos-de-admision\/","title":{"rendered":"Requisitos de Admisi\u00f3n"},"content":{"rendered":"<div class=\"wp-block-image\">\n<figure class=\"aligncenter is-resized\"><img decoding=\"async\" src=\"https:\/\/media2.utp.edu.co\/programas\/7\/requisitos-de-admision.png\" alt=\"requisitos-de-admision\" width=\"300\"\/><\/figure>\n<\/div>\n\n\n<h3 class=\"wp-block-heading\"><strong>Proceso de selecci\u00f3n:<\/strong><\/h3>\n\n\n\n<ul class=\"wp-block-list\"><li>Presentaci\u00f3n examen de admisi\u00f3n 60% conocimientos en Medicina general y 40% en la especialidad. (Clasificatorio)<\/li><li>Acreditar un t\u00edtulo de pregrado en Medicin<\/li><li>Presentar hoja de vida.<\/li><li>Presentar entrevista personal con grupo conformado por 2 docentes, director del programa, representante de la Decanatura u oficina de Posgrados y Psiquiatra<\/li><li>\u00a0Presentar examen pr\u00e1ctico con grupo de docentes<\/li><\/ul>\n\n\n\n<p><span class=\"post-content__span\"> El posgrado actuara acorde con la Pol\u00edtica Institucional de inclusi\u00f3n con enfoque de discapacidad seg\u00fan el Acuerdo 26 del 9 de Junio de 2020.<\/p>\n","protected":false},"excerpt":{"rendered":"<p>Proceso de selecci\u00f3n: Presentaci\u00f3n examen de admisi\u00f3n 60% conocimientos en Medicina general y 40% en la especialidad. (Clasificatorio) Acreditar un t\u00edtulo de pregrado en Medicin Presentar hoja de vida. Presentar [&#8230;]<\/p>\n","protected":false},"author":1,"featured_media":0,"comment_status":"closed","ping_status":"closed","sticky":false,"template":"","format":"standard","meta":{"footnotes":""},"categories":[1],"tags":[],"class_list":["post-8","post","type-post","status-publish","format-standard","hentry","category-sin-categoria"],"_links":{"self":[{"href":"https:\/\/salud.utp.edu.co\/especializacion-medicina-critica-intensivo\/wp-json\/wp\/v2\/posts\/8","targetHints":{"allow":["GET"]}}],"collection":[{"href":"https:\/\/salud.utp.edu.co\/especializacion-medicina-critica-intensivo\/wp-json\/wp\/v2\/posts"}],"about":[{"href":"https:\/\/salud.utp.edu.co\/especializacion-medicina-critica-intensivo\/wp-json\/wp\/v2\/types\/post"}],"author":[{"embeddable":true,"href":"https:\/\/salud.utp.edu.co\/especializacion-medicina-critica-intensivo\/wp-json\/wp\/v2\/users\/1"}],"replies":[{"embeddable":true,"href":"https:\/\/salud.utp.edu.co\/especializacion-medicina-critica-intensivo\/wp-json\/wp\/v2\/comments?post=8"}],"version-history":[{"count":3,"href":"https:\/\/salud.utp.edu.co\/especializacion-medicina-critica-intensivo\/wp-json\/wp\/v2\/posts\/8\/revisions"}],"predecessor-version":[{"id":10216,"href":"https:\/\/salud.utp.edu.co\/especializacion-medicina-critica-intensivo\/wp-json\/wp\/v2\/posts\/8\/revisions\/10216"}],"wp:attachment":[{"href":"https:\/\/salud.utp.edu.co\/especializacion-medicina-critica-intensivo\/wp-json\/wp\/v2\/media?parent=8"}],"wp:term":[{"taxonomy":"category","embeddable":true,"href":"https:\/\/salud.utp.edu.co\/especializacion-medicina-critica-intensivo\/wp-json\/wp\/v2\/categories?post=8"},{"taxonomy":"post_tag","embeddable":true,"href":"https:\/\/salud.utp.edu.co\/especializacion-medicina-critica-intensivo\/wp-json\/wp\/v2\/tags?post=8"}],"curies":[{"name":"wp","href":"https:\/\/api.w.org\/{rel}","templated":true}]}}