{"id":41,"date":"2018-10-08T08:35:23","date_gmt":"2018-10-08T13:35:23","guid":{"rendered":""},"modified":"2023-03-17T14:03:16","modified_gmt":"2023-03-17T19:03:16","slug":"calendario","status":"publish","type":"post","link":"https:\/\/salud.utp.edu.co\/especializacion-medicina-critica-intensivo\/sin-categoria\/calendario\/","title":{"rendered":"Calendario"},"content":{"rendered":"<div class=\"wp-block-image\">\n<figure class=\"aligncenter is-resized\"><img decoding=\"async\" src=\"https:\/\/media2.utp.edu.co\/programas\/7\/calendario.png\" alt=\"calendario\" width=\"300\" \/><\/figure>\n<\/div>\n\n\n<p><span class=\"post-content__span\"> <strong>CALENDAR<\/strong><strong>I<\/strong><strong>O ACAD\u00c9MICO&nbsp;<\/strong><\/p>\n\n\n\n<p><span class=\"post-content__span\"> <strong>ESPECIALIZACIONES MEDICO QUIR\u00daRGICAS<\/strong><\/p>\n\n\n\n<p><span class=\"post-content__span\"> <\/p>\n\n\n\n<figure class=\"wp-block-table is-style-stripes\"><table><tbody><tr><td>Fecha de inicio <\/td><td>Fecha de Terminaci\u00f3n<\/td><\/tr><tr><td>1 de enero 2023<\/td><td>17 de Diciembre 2023<\/td><\/tr><\/tbody><\/table><\/figure>\n","protected":false},"excerpt":{"rendered":"<p>CALENDARIO ACAD\u00c9MICO&nbsp; ESPECIALIZACIONES MEDICO QUIR\u00daRGICAS Fecha de inicio Fecha de Terminaci\u00f3n 1 de enero 2023 17 de Diciembre 2023<\/p>\n","protected":false},"author":47,"featured_media":0,"comment_status":"closed","ping_status":"closed","sticky":false,"template":"","format":"standard","meta":{"footnotes":""},"categories":[1],"tags":[],"class_list":["post-41","post","type-post","status-publish","format-standard","hentry","category-sin-categoria"],"_links":{"self":[{"href":"https:\/\/salud.utp.edu.co\/especializacion-medicina-critica-intensivo\/wp-json\/wp\/v2\/posts\/41","targetHints":{"allow":["GET"]}}],"collection":[{"href":"https:\/\/salud.utp.edu.co\/especializacion-medicina-critica-intensivo\/wp-json\/wp\/v2\/posts"}],"about":[{"href":"https:\/\/salud.utp.edu.co\/especializacion-medicina-critica-intensivo\/wp-json\/wp\/v2\/types\/post"}],"author":[{"embeddable":true,"href":"https:\/\/salud.utp.edu.co\/especializacion-medicina-critica-intensivo\/wp-json\/wp\/v2\/users\/47"}],"replies":[{"embeddable":true,"href":"https:\/\/salud.utp.edu.co\/especializacion-medicina-critica-intensivo\/wp-json\/wp\/v2\/comments?post=41"}],"version-history":[{"count":5,"href":"https:\/\/salud.utp.edu.co\/especializacion-medicina-critica-intensivo\/wp-json\/wp\/v2\/posts\/41\/revisions"}],"predecessor-version":[{"id":10246,"href":"https:\/\/salud.utp.edu.co\/especializacion-medicina-critica-intensivo\/wp-json\/wp\/v2\/posts\/41\/revisions\/10246"}],"wp:attachment":[{"href":"https:\/\/salud.utp.edu.co\/especializacion-medicina-critica-intensivo\/wp-json\/wp\/v2\/media?parent=41"}],"wp:term":[{"taxonomy":"category","embeddable":true,"href":"https:\/\/salud.utp.edu.co\/especializacion-medicina-critica-intensivo\/wp-json\/wp\/v2\/categories?post=41"},{"taxonomy":"post_tag","embeddable":true,"href":"https:\/\/salud.utp.edu.co\/especializacion-medicina-critica-intensivo\/wp-json\/wp\/v2\/tags?post=41"}],"curies":[{"name":"wp","href":"https:\/\/api.w.org\/{rel}","templated":true}]}}