{"id":20,"date":"2018-04-23T17:47:36","date_gmt":"2018-04-23T22:47:36","guid":{"rendered":""},"modified":"2022-09-14T09:50:22","modified_gmt":"2022-09-14T14:50:22","slug":"lineas-de-investigacion","status":"publish","type":"post","link":"https:\/\/salud.utp.edu.co\/especializacion-medicina-critica-intensivo\/sin-categoria\/lineas-de-investigacion\/","title":{"rendered":"Lineas de Investigaci\u00f3n"},"content":{"rendered":"<div class=\"wp-block-image\">\n<figure class=\"aligncenter is-resized\"><img decoding=\"async\" src=\"https:\/\/media2.utp.edu.co\/programas\/7\/lineas-de-investigacion.png\" alt=\"lineas-de-investigacion\" width=\"300\"\/><\/figure>\n<\/div>\n\n\n<p><span class=\"post-content__span\"> En la Facultad existe un \u201cComit\u00e9 de Investigaciones y Extensi\u00f3n\u201d, encargado de hacer efectivas estas pol\u00edticas institucionales, de dirigir y hacer seguimiento a los proyectos en ejecuci\u00f3n, de marcar pautas metodol\u00f3gicas, de estimular y de evaluar los grupos y los semilleros de investigaci\u00f3n.<\/p>\n\n\n\n<p><span class=\"post-content__span\"> En relaci\u00f3n con la estructura curricular del programa, la especializaci\u00f3n ha definido 3 l\u00edneas de investigaci\u00f3n: EDUCACI\u00d3N M\u00c9DICA, REANIMACI\u00d3N AVANZADA Y SEPSIS, INFECCIONES Y CHOQUE. Estas l\u00edneas se encuentran articuladas con las l\u00edneas de los grupos de investigaci\u00f3n que soportan el programa y aportan en la consolidaci\u00f3n de los proyectos de investigaci\u00f3n de los estudiantes.<\/p>\n\n\n\n<p><span class=\"post-content__span\"> El Programa ha contado desde su inicio con el apoyo del Grupo de Investigaci\u00f3n en ciencias quir\u00fargicas de la Facultad de Ciencias de la Salud, el cual se encuentra reconocido en Categor\u00eda B de Minciencias.<\/p>\n\n\n\n<p><span class=\"post-content__span\"> No obstante en los \u00faltimos tres a\u00f1os se ha consolidado el Grupo de Investigaci\u00f3n en Medicina Cr\u00edtica y Cuidado Intensivo con c\u00f3digo GrupLac #COL0182954, avalado por la Universidad Tecnol\u00f3gica de Pereira reconocido en Categor\u00eda C de Minciencias.<\/p>\n\n\n\n<p><span class=\"post-content__span\"> Adicionalmente, contamos con un Semillero de Investigaci\u00f3n, denominado: ACCIG-UTP (Anesthesiology and Critical Care Interest Group), con c\u00f3digo # SE5-20-4, cuyo docente \u2013 tutor es el Dr. Jos\u00e9 Fernando G\u00f3mez Gonz\u00e1lez, docente del programa de posgrado y director del grupo de investigaci\u00f3n.<\/p>\n","protected":false},"excerpt":{"rendered":"<p>En la Facultad existe un \u201cComit\u00e9 de Investigaciones y Extensi\u00f3n\u201d, encargado de hacer efectivas estas pol\u00edticas institucionales, de dirigir y hacer seguimiento a los proyectos en ejecuci\u00f3n, de marcar pautas [&#8230;]<\/p>\n","protected":false},"author":0,"featured_media":0,"comment_status":"closed","ping_status":"closed","sticky":false,"template":"","format":"standard","meta":{"footnotes":""},"categories":[1],"tags":[],"class_list":["post-20","post","type-post","status-publish","format-standard","hentry","category-sin-categoria"],"_links":{"self":[{"href":"https:\/\/salud.utp.edu.co\/especializacion-medicina-critica-intensivo\/wp-json\/wp\/v2\/posts\/20","targetHints":{"allow":["GET"]}}],"collection":[{"href":"https:\/\/salud.utp.edu.co\/especializacion-medicina-critica-intensivo\/wp-json\/wp\/v2\/posts"}],"about":[{"href":"https:\/\/salud.utp.edu.co\/especializacion-medicina-critica-intensivo\/wp-json\/wp\/v2\/types\/post"}],"replies":[{"embeddable":true,"href":"https:\/\/salud.utp.edu.co\/especializacion-medicina-critica-intensivo\/wp-json\/wp\/v2\/comments?post=20"}],"version-history":[{"count":2,"href":"https:\/\/salud.utp.edu.co\/especializacion-medicina-critica-intensivo\/wp-json\/wp\/v2\/posts\/20\/revisions"}],"predecessor-version":[{"id":10169,"href":"https:\/\/salud.utp.edu.co\/especializacion-medicina-critica-intensivo\/wp-json\/wp\/v2\/posts\/20\/revisions\/10169"}],"wp:attachment":[{"href":"https:\/\/salud.utp.edu.co\/especializacion-medicina-critica-intensivo\/wp-json\/wp\/v2\/media?parent=20"}],"wp:term":[{"taxonomy":"category","embeddable":true,"href":"https:\/\/salud.utp.edu.co\/especializacion-medicina-critica-intensivo\/wp-json\/wp\/v2\/categories?post=20"},{"taxonomy":"post_tag","embeddable":true,"href":"https:\/\/salud.utp.edu.co\/especializacion-medicina-critica-intensivo\/wp-json\/wp\/v2\/tags?post=20"}],"curies":[{"name":"wp","href":"https:\/\/api.w.org\/{rel}","templated":true}]}}