{"id":1,"date":"2018-04-23T15:50:33","date_gmt":"2018-04-23T20:50:33","guid":{"rendered":""},"modified":"2023-03-06T09:38:46","modified_gmt":"2023-03-06T14:38:46","slug":"informacion-de-registro","status":"publish","type":"post","link":"https:\/\/salud.utp.edu.co\/especializacion-medicina-critica-intensivo\/sin-categoria\/informacion-de-registro\/","title":{"rendered":"Informaci\u00f3n de Registro"},"content":{"rendered":"\n<figure class=\"wp-block-table table table-striped is-style-stripes\"><table><tbody><tr><td><strong>C\u00f3digo SNIES:<\/strong><\/td><td>53318<\/td><\/tr><tr><td><strong>Registro Calificado: <\/strong><\/td><td>Por medio de la resoluci\u00f3n 015522 del 4 de agosto de 2022 fue aceptado nuevamente la renovaci\u00f3n y modificaci\u00f3n del registro calificado de la especializaci\u00f3n.<\/td><\/tr><tr><td><strong>T\u00edtulo:<\/strong><\/td><td>Especialista en Medicina Cr\u00edtica y Cuidado Intensivo<\/td><\/tr><tr><td><strong>Duraci\u00f3n del programa: <\/strong><\/td><td>4 a\u00f1os<\/td><\/tr><tr><td><strong>N\u00famero de cr\u00e9ditos: <\/strong><\/td><td>193 cr\u00e9ditos acad\u00e9micos<\/td><\/tr><tr><td><strong>Modalidad de Formaci\u00f3n:<\/strong><\/td><td>Presencial<\/td><\/tr><tr><td><strong>Valor de Inscripci\u00f3n<\/strong><\/td><td>1 SMMLV<\/td><\/tr><tr><td><strong>Valor de la matricula: <\/strong><\/td><td>14 SMMLV<\/td><\/tr><\/tbody><\/table><\/figure>\n","protected":false},"excerpt":{"rendered":"<p>C\u00f3digo SNIES: 53318 Registro Calificado: Por medio de la resoluci\u00f3n 015522 del 4 de agosto de 2022 fue aceptado nuevamente la renovaci\u00f3n y modificaci\u00f3n del registro calificado de la especializaci\u00f3n. [&#8230;]<\/p>\n","protected":false},"author":47,"featured_media":0,"comment_status":"closed","ping_status":"closed","sticky":false,"template":"","format":"standard","meta":{"footnotes":""},"categories":[1],"tags":[],"class_list":["post-1","post","type-post","status-publish","format-standard","hentry","category-sin-categoria"],"_links":{"self":[{"href":"https:\/\/salud.utp.edu.co\/especializacion-medicina-critica-intensivo\/wp-json\/wp\/v2\/posts\/1","targetHints":{"allow":["GET"]}}],"collection":[{"href":"https:\/\/salud.utp.edu.co\/especializacion-medicina-critica-intensivo\/wp-json\/wp\/v2\/posts"}],"about":[{"href":"https:\/\/salud.utp.edu.co\/especializacion-medicina-critica-intensivo\/wp-json\/wp\/v2\/types\/post"}],"author":[{"embeddable":true,"href":"https:\/\/salud.utp.edu.co\/especializacion-medicina-critica-intensivo\/wp-json\/wp\/v2\/users\/47"}],"replies":[{"embeddable":true,"href":"https:\/\/salud.utp.edu.co\/especializacion-medicina-critica-intensivo\/wp-json\/wp\/v2\/comments?post=1"}],"version-history":[{"count":4,"href":"https:\/\/salud.utp.edu.co\/especializacion-medicina-critica-intensivo\/wp-json\/wp\/v2\/posts\/1\/revisions"}],"predecessor-version":[{"id":10240,"href":"https:\/\/salud.utp.edu.co\/especializacion-medicina-critica-intensivo\/wp-json\/wp\/v2\/posts\/1\/revisions\/10240"}],"wp:attachment":[{"href":"https:\/\/salud.utp.edu.co\/especializacion-medicina-critica-intensivo\/wp-json\/wp\/v2\/media?parent=1"}],"wp:term":[{"taxonomy":"category","embeddable":true,"href":"https:\/\/salud.utp.edu.co\/especializacion-medicina-critica-intensivo\/wp-json\/wp\/v2\/categories?post=1"},{"taxonomy":"post_tag","embeddable":true,"href":"https:\/\/salud.utp.edu.co\/especializacion-medicina-critica-intensivo\/wp-json\/wp\/v2\/tags?post=1"}],"curies":[{"name":"wp","href":"https:\/\/api.w.org\/{rel}","templated":true}]}}