{"id":86,"date":"2025-02-26T10:43:51","date_gmt":"2025-02-26T15:43:51","guid":{"rendered":"https:\/\/salud.utp.edu.co\/especializacion-entrenamiento-deportivo-y-readaptacion-funcional\/?p=86"},"modified":"2025-02-26T10:43:51","modified_gmt":"2025-02-26T15:43:51","slug":"docentes","status":"publish","type":"post","link":"https:\/\/salud.utp.edu.co\/especializacion-entrenamiento-deportivo-y-readaptacion-funcional\/sin-categoria\/docentes\/","title":{"rendered":"Docentes"},"content":{"rendered":"\n<h3 class=\"wp-block-heading\">Oscar Cardona Burgos<\/h3>\n\n\n\n<p><span class=\"post-content__span\"> Profesional en Ciencias del Deporte y la Recreaci\u00f3n de la Universidad Tecnol\u00f3gica de Pereira. Especialista en Entrenamiento Deportivo de la Universidad Libre de Pereira.<\/p>\n\n\n\n<p><span class=\"post-content__span\"> Cuenta con formaci\u00f3n en actividad f\u00edsica y rendimiento deportivo, con dos maestr\u00edas en Actividad F\u00edsica, Entrenamiento Deportivo y Gesti\u00f3n del Deporte, y Actividad F\u00edsica y Entrenamiento Deportivo. Su experiencia se centra en el dise\u00f1o y aplicaci\u00f3n de estrategias para la optimizaci\u00f3n del rendimiento deportivo y la planificaci\u00f3n del entrenamiento.<\/p>\n\n\n\n<p><span class=\"post-content__span\"> Antropometrista ISAK Nivel II.<\/p>\n\n\n\n<div style=\"height:35px\" aria-hidden=\"true\" class=\"wp-block-spacer\"><\/div>\n\n\n\n<h3 class=\"wp-block-heading\">Jhonatan Gonz\u00e1lez-Santamar\u00eda<\/h3>\n\n\n\n<p><span class=\"post-content__span\"> <br>Doctorando en Ciencias de la Nutrici\u00f3n en la Universidad Aut\u00f3noma de Sinaloa (M\u00e9xico) y Doctorando en Ciencias de la Educaci\u00f3n en la Universidad Cuauht\u00e9moc Aguascalientes (M\u00e9xico). Mag\u00edster en Educaci\u00f3n y Desarrollo Humano de la Universidad de Manizales \u2013 CINDE, y Especialista en Pol\u00edtica P\u00fablica para la Igualdad en Am\u00e9rica Latina de la Facultad Latinoamericana de Ciencias Sociales (Brasil). Profesional en Ciencias del Deporte y la Recreaci\u00f3n de la Universidad Tecnol\u00f3gica de Pereira.<\/p>\n\n\n\n<p><span class=\"post-content__span\"> Actualmente es docente escalafonado en la Fundaci\u00f3n Universitaria del \u00c1rea Andina y Transitorio en la Universidad Tecnol\u00f3gica de Pereira, donde orienta asignaturas relacionadas con promoci\u00f3n de la salud, investigaci\u00f3n y an\u00e1lisis de datos. Tambi\u00e9n es docente de posgrados en la Especializaci\u00f3n y Maestr\u00eda en Gerencia del Deporte.<\/p>\n\n\n\n<p><span class=\"post-content__span\"> Investigador reconocido por MinCiencias como Investigador Junior (2021), ha dirigido y evaluado m\u00faltiples trabajos de grado y tesis de maestr\u00eda. Es director del Grupo de Investigaci\u00f3n en Cultura de la Salud en la UTP y ha participado en proyectos sobre actividad f\u00edsica, nutrici\u00f3n, salud p\u00fablica y educaci\u00f3n. Ha publicado art\u00edculos en revistas cient\u00edficas indexadas y colabora en revistas especializadas como par evaluador.<\/p>\n\n\n\n<div style=\"height:35px\" aria-hidden=\"true\" class=\"wp-block-spacer\"><\/div>\n\n\n\n<h3 class=\"wp-block-heading\">Alejandro G\u00f3mez Rodas<\/h3>\n\n\n\n<p><span class=\"post-content__span\"> Mag\u00edster en Actividad F\u00edsica y Deporte de la Universidad Aut\u00f3noma de Manizales. Especialista en Educaci\u00f3n F\u00edsica, Actividad F\u00edsica y Salud de la Universidad de Antioquia. Profesional en Ciencias del Deporte y la Recreaci\u00f3n y en Fisioterapia y Kinesiolog\u00eda de la Universidad Tecnol\u00f3gica de Pereira.<\/p>\n\n\n\n<p><span class=\"post-content__span\"> Cuenta con una amplia trayectoria en docencia universitaria en \u00e1reas como biomec\u00e1nica, kinesiolog\u00eda, fisioterapia deportiva y promoci\u00f3n de la salud. Es investigador en el movimiento corporal humano, la prevenci\u00f3n de lesiones y la rehabilitaci\u00f3n deportiva, vinculado al grupo de investigaci\u00f3n ZIPATEFI (Zona de Investigaciones de Posgrados, Terapia Respiratoria, Fisioterapia y Entrenamiento Deportivo de Areandina). Ha participado en m\u00faltiples publicaciones cient\u00edficas y proyectos de investigaci\u00f3n en el \u00e1mbito del deporte y la salud.<\/p>\n\n\n\n<div style=\"height:35px\" aria-hidden=\"true\" class=\"wp-block-spacer\"><\/div>\n\n\n\n<h3 class=\"wp-block-heading\">Mateo Baena Mar\u00edn<\/h3>\n\n\n\n<p><span class=\"post-content__span\"> <br>Mag\u00edster en Fisiolog\u00eda Integrativa de la Universidad de Barcelona y Profesional en Ciencias del Deporte y la Recreaci\u00f3n de la Universidad Tecnol\u00f3gica de Pereira. Cuenta con amplia experiencia en fisiolog\u00eda del ejercicio, rendimiento deportivo y evaluaci\u00f3n funcional.<\/p>\n\n\n\n<p><span class=\"post-content__span\"> Actualmente es docente de tiempo completo en la Fundaci\u00f3n Universitaria del \u00c1rea Andina y ha sido profesor catedr\u00e1tico en la Universidad Tecnol\u00f3gica de Pereira en \u00e1reas como fisiolog\u00eda del ejercicio, evaluaci\u00f3n del rendimiento deportivo y metodolog\u00eda del entrenamiento.<\/p>\n\n\n\n<p><span class=\"post-content__span\"> Su trayectoria incluye el liderazgo de semilleros de investigaci\u00f3n y la publicaci\u00f3n de art\u00edculos cient\u00edficos en temas como entrenamiento de la fuerza, fisiolog\u00eda del ejercicio y recuperaci\u00f3n funcional. Adem\u00e1s, ha trabajado en la planificaci\u00f3n y control del entrenamiento en centros de alto rendimiento, contribuyendo al desarrollo de metodolog\u00edas basadas en evidencia cient\u00edfica para la optimizaci\u00f3n del rendimiento deportivo.<\/p>\n\n\n\n<div style=\"height:35px\" aria-hidden=\"true\" class=\"wp-block-spacer\"><\/div>\n\n\n\n<h3 class=\"wp-block-heading\">Carlos Andr\u00e9s Wheeler Botero<\/h3>\n\n\n\n<p><span class=\"post-content__span\"> Especialista en Rendimiento Deportivo y Ciencias Aplicadas al Deporte, con formaci\u00f3n en Ciencias del Deporte y la Recreaci\u00f3n de la Universidad Tecnol\u00f3gica de Pereira. Cuenta con amplia experiencia en preparaci\u00f3n f\u00edsica de f\u00fatbol de \u00e9lite, investigaci\u00f3n cient\u00edfica, desarrollo tecnol\u00f3gico y optimizaci\u00f3n del rendimiento atl\u00e9tico.<\/p>\n\n\n\n<p><span class=\"post-content__span\"> Actualmente es Preparador F\u00edsico y Analista de Carga del Tampa Bay Rowdies (USL Championship, EE.UU.) y ha trabajado como asesor cient\u00edfico en la Selecci\u00f3n Uruguaya Sub-20 y la Selecci\u00f3n Colombia de Mayores. Es fundador y CEO de Wheeler Sports Tech, empresa dedicada a la innovaci\u00f3n en tecnolog\u00eda deportiva aplicada al entrenamiento y la rehabilitaci\u00f3n.<\/p>\n\n\n\n<p><span class=\"post-content__span\"> Ha sido profesor universitario de posgrado en entrenamiento de la fuerza, control de carga y readaptaci\u00f3n funcional, y ha desarrollado tecnolog\u00edas como WheelerJump, un sensor validado cient\u00edficamente para la evaluaci\u00f3n neuromuscular. Su trayectoria incluye m\u00faltiples publicaciones cient\u00edficas y desarrollo de metodolog\u00edas innovadoras para la prevenci\u00f3n de lesiones y el monitoreo del rendimiento deportivo.<\/p>\n\n\n\n<div style=\"height:35px\" aria-hidden=\"true\" class=\"wp-block-spacer\"><\/div>\n\n\n\n<h3 class=\"wp-block-heading\"><strong>Sergio Humberto Barbosa Granados<\/strong><\/h3>\n\n\n\n<p><span class=\"post-content__span\"> Mag\u00edster en Psicolog\u00eda del Deporte (t\u00edtulo propio) y Mag\u00edster en Neuropsicolog\u00eda Cl\u00ednica de la Universidad Internacional de Valencia. Psic\u00f3logo de la Universidad Aut\u00f3noma de Bucaramanga y Especialista en Pr\u00e1ctica Pedag\u00f3gica Universitaria de la Universidad Francisco de Paula Santander. Adem\u00e1s, es Mag\u00edster en Inform\u00e1tica Aplicada a la Educaci\u00f3n de la Universidad Cooperativa de Colombia.<\/p>\n\n\n\n<p><span class=\"post-content__span\"> Cuenta con amplia experiencia docente e investigativa en psicolog\u00eda educativa, neurociencias y psicolog\u00eda deportiva. Actualmente, es docente e investigador en la Universidad Cooperativa de Colombia, sede Pereira, y representante de COLPSIC en el campo Psicolog\u00eda del Deporte y el Ejercicio para el cap\u00edtulo Eje Cafetero. Ha liderado grupos de investigaci\u00f3n, como el Nodo de Innovaci\u00f3n Social, reconocido y categorizado en C por Minciencias, y ha asesorado diversos trabajos de grado en modalidad de investigaci\u00f3n.<\/p>\n\n\n\n<p><span class=\"post-content__span\"> Su trayectoria incluye la publicaci\u00f3n de libros, cap\u00edtulos y art\u00edculos en revistas indexadas, abarcando \u00e1reas como la psicolog\u00eda del deporte, psicolog\u00eda de la salud, neurociencias y psicolog\u00eda educativa.<\/p>\n\n\n\n<div style=\"height:35px\" aria-hidden=\"true\" class=\"wp-block-spacer\"><\/div>\n\n\n\n<h3 class=\"wp-block-heading\">Angela Milena Franco Marulanda<\/h3>\n\n\n\n<p><span class=\"post-content__span\"> M\u00e9dico General de la Universidad de Manizales y Especialista en Medicina del Deporte de la Universidad Nacional de Colombia. Cuenta con formaci\u00f3n adicional en \u00abExercise is Medicine\u00bb y Antidopaje ADEL \u2013 WADA. Actualmente, es m\u00e9dico de equipos de alto rendimiento, incluyendo la Selecci\u00f3n Colombia Femenina Sub 17 y equipos de ciclismo profesional.<\/p>\n\n\n\n<p><span class=\"post-content__span\"> Con m\u00e1s de 10 a\u00f1os de experiencia, se especializa en la prevenci\u00f3n y tratamiento de lesiones deportivas, as\u00ed como en la prescripci\u00f3n de ejercicio para mejorar la salud y el rendimiento. Tambi\u00e9n es docente en la Universidad Tecnol\u00f3gica de Pereira y la Universidad Aut\u00f3noma de Manizales, enfocada en fisiolog\u00eda del ejercicio y salud deportiva. Su enfoque est\u00e1 en optimizar la calidad de vida y el rendimiento de sus pacientes y estudiantes.<\/p>\n","protected":false},"excerpt":{"rendered":"<p>Oscar Cardona Burgos Profesional en Ciencias del Deporte y la Recreaci\u00f3n de la Universidad Tecnol\u00f3gica de Pereira. Especialista en Entrenamiento Deportivo de la Universidad Libre de Pereira. Cuenta con formaci\u00f3n [&#8230;]<\/p>\n","protected":false},"author":4,"featured_media":0,"comment_status":"closed","ping_status":"","sticky":false,"template":"","format":"standard","meta":{"footnotes":""},"categories":[1],"tags":[],"class_list":["post-86","post","type-post","status-publish","format-standard","hentry","category-sin-categoria"],"_links":{"self":[{"href":"https:\/\/salud.utp.edu.co\/especializacion-entrenamiento-deportivo-y-readaptacion-funcional\/wp-json\/wp\/v2\/posts\/86","targetHints":{"allow":["GET"]}}],"collection":[{"href":"https:\/\/salud.utp.edu.co\/especializacion-entrenamiento-deportivo-y-readaptacion-funcional\/wp-json\/wp\/v2\/posts"}],"about":[{"href":"https:\/\/salud.utp.edu.co\/especializacion-entrenamiento-deportivo-y-readaptacion-funcional\/wp-json\/wp\/v2\/types\/post"}],"author":[{"embeddable":true,"href":"https:\/\/salud.utp.edu.co\/especializacion-entrenamiento-deportivo-y-readaptacion-funcional\/wp-json\/wp\/v2\/users\/4"}],"replies":[{"embeddable":true,"href":"https:\/\/salud.utp.edu.co\/especializacion-entrenamiento-deportivo-y-readaptacion-funcional\/wp-json\/wp\/v2\/comments?post=86"}],"version-history":[{"count":1,"href":"https:\/\/salud.utp.edu.co\/especializacion-entrenamiento-deportivo-y-readaptacion-funcional\/wp-json\/wp\/v2\/posts\/86\/revisions"}],"predecessor-version":[{"id":87,"href":"https:\/\/salud.utp.edu.co\/especializacion-entrenamiento-deportivo-y-readaptacion-funcional\/wp-json\/wp\/v2\/posts\/86\/revisions\/87"}],"wp:attachment":[{"href":"https:\/\/salud.utp.edu.co\/especializacion-entrenamiento-deportivo-y-readaptacion-funcional\/wp-json\/wp\/v2\/media?parent=86"}],"wp:term":[{"taxonomy":"category","embeddable":true,"href":"https:\/\/salud.utp.edu.co\/especializacion-entrenamiento-deportivo-y-readaptacion-funcional\/wp-json\/wp\/v2\/categories?post=86"},{"taxonomy":"post_tag","embeddable":true,"href":"https:\/\/salud.utp.edu.co\/especializacion-entrenamiento-deportivo-y-readaptacion-funcional\/wp-json\/wp\/v2\/tags?post=86"}],"curies":[{"name":"wp","href":"https:\/\/api.w.org\/{rel}","templated":true}]}}