{"id":81,"date":"2025-02-26T10:37:28","date_gmt":"2025-02-26T15:37:28","guid":{"rendered":"https:\/\/salud.utp.edu.co\/especializacion-entrenamiento-deportivo-y-readaptacion-funcional\/?p=81"},"modified":"2025-02-26T10:37:28","modified_gmt":"2025-02-26T15:37:28","slug":"duracion-y-caracteristicas-de-estudio","status":"publish","type":"post","link":"https:\/\/salud.utp.edu.co\/especializacion-entrenamiento-deportivo-y-readaptacion-funcional\/sin-categoria\/duracion-y-caracteristicas-de-estudio\/","title":{"rendered":"Duraci\u00f3n y caracter\u00edsticas de estudio"},"content":{"rendered":"\n<p><span class=\"post-content__span\"> El programa de Especializaci\u00f3n en Entrenamiento Deportivo y Readaptaci\u00f3n Funcional tiene una duraci\u00f3n de 1 a\u00f1o, dividido en dos semestres acad\u00e9micos, con un total de 25 cr\u00e9ditos acad\u00e9micos. Est\u00e1 compuesto m\u00f3dulos te\u00f3ricos y pr\u00e1cticos, que incluyen asignaturas relacionadas con el entrenamiento deportivo, la rehabilitaci\u00f3n funcional, la prevenci\u00f3n de lesiones y la readaptaci\u00f3n. Adem\u00e1s, el programa contempla una fase de pr\u00e1cticas en la que los estudiantes aplican sus conocimientos en contextos reales de entrenamiento y rehabilitaci\u00f3n. El plan de estudios requiere una carga horaria semanal promedio de 20 horas, distribuidas entre clases te\u00f3ricas, actividades pr\u00e1cticas, investigaci\u00f3n y trabajo aut\u00f3nomo. El formato es presencial, con algunas actividades complementarias que se pueden realizar de manera virtual, seg\u00fan lo exijan los contenidos del programa<\/p>\n","protected":false},"excerpt":{"rendered":"<p>El programa de Especializaci\u00f3n en Entrenamiento Deportivo y Readaptaci\u00f3n Funcional tiene una duraci\u00f3n de 1 a\u00f1o, dividido en dos semestres acad\u00e9micos, con un total de 25 cr\u00e9ditos acad\u00e9micos. Est\u00e1 compuesto [&#8230;]<\/p>\n","protected":false},"author":4,"featured_media":0,"comment_status":"closed","ping_status":"","sticky":false,"template":"","format":"standard","meta":{"footnotes":""},"categories":[1],"tags":[],"class_list":["post-81","post","type-post","status-publish","format-standard","hentry","category-sin-categoria"],"_links":{"self":[{"href":"https:\/\/salud.utp.edu.co\/especializacion-entrenamiento-deportivo-y-readaptacion-funcional\/wp-json\/wp\/v2\/posts\/81","targetHints":{"allow":["GET"]}}],"collection":[{"href":"https:\/\/salud.utp.edu.co\/especializacion-entrenamiento-deportivo-y-readaptacion-funcional\/wp-json\/wp\/v2\/posts"}],"about":[{"href":"https:\/\/salud.utp.edu.co\/especializacion-entrenamiento-deportivo-y-readaptacion-funcional\/wp-json\/wp\/v2\/types\/post"}],"author":[{"embeddable":true,"href":"https:\/\/salud.utp.edu.co\/especializacion-entrenamiento-deportivo-y-readaptacion-funcional\/wp-json\/wp\/v2\/users\/4"}],"replies":[{"embeddable":true,"href":"https:\/\/salud.utp.edu.co\/especializacion-entrenamiento-deportivo-y-readaptacion-funcional\/wp-json\/wp\/v2\/comments?post=81"}],"version-history":[{"count":1,"href":"https:\/\/salud.utp.edu.co\/especializacion-entrenamiento-deportivo-y-readaptacion-funcional\/wp-json\/wp\/v2\/posts\/81\/revisions"}],"predecessor-version":[{"id":82,"href":"https:\/\/salud.utp.edu.co\/especializacion-entrenamiento-deportivo-y-readaptacion-funcional\/wp-json\/wp\/v2\/posts\/81\/revisions\/82"}],"wp:attachment":[{"href":"https:\/\/salud.utp.edu.co\/especializacion-entrenamiento-deportivo-y-readaptacion-funcional\/wp-json\/wp\/v2\/media?parent=81"}],"wp:term":[{"taxonomy":"category","embeddable":true,"href":"https:\/\/salud.utp.edu.co\/especializacion-entrenamiento-deportivo-y-readaptacion-funcional\/wp-json\/wp\/v2\/categories?post=81"},{"taxonomy":"post_tag","embeddable":true,"href":"https:\/\/salud.utp.edu.co\/especializacion-entrenamiento-deportivo-y-readaptacion-funcional\/wp-json\/wp\/v2\/tags?post=81"}],"curies":[{"name":"wp","href":"https:\/\/api.w.org\/{rel}","templated":true}]}}