{"id":78,"date":"2025-02-26T10:36:55","date_gmt":"2025-02-26T15:36:55","guid":{"rendered":"https:\/\/salud.utp.edu.co\/especializacion-entrenamiento-deportivo-y-readaptacion-funcional\/?p=78"},"modified":"2025-02-26T10:37:08","modified_gmt":"2025-02-26T15:37:08","slug":"requisitos-de-admision","status":"publish","type":"post","link":"https:\/\/salud.utp.edu.co\/especializacion-entrenamiento-deportivo-y-readaptacion-funcional\/sin-categoria\/requisitos-de-admision\/","title":{"rendered":"Requisitos de admisi\u00f3n"},"content":{"rendered":"\n<p><span class=\"post-content__span\"> Ser profesional, realizar inscripci\u00f3n, ingresar documentos exigidos por la Universidad y si al programa se presentan m\u00e1s de 20 aspirantes, se proceder\u00e1 a realizar proceso de selecci\u00f3n, cuyos criterios ser\u00e1: Hoja de vida, examen y entrevista.<\/p>\n","protected":false},"excerpt":{"rendered":"<p>Ser profesional, realizar inscripci\u00f3n, ingresar documentos exigidos por la Universidad y si al programa se presentan m\u00e1s de 20 aspirantes, se proceder\u00e1 a realizar proceso de selecci\u00f3n, cuyos criterios ser\u00e1: [&#8230;]<\/p>\n","protected":false},"author":4,"featured_media":0,"comment_status":"closed","ping_status":"","sticky":false,"template":"","format":"standard","meta":{"footnotes":""},"categories":[1],"tags":[],"class_list":["post-78","post","type-post","status-publish","format-standard","hentry","category-sin-categoria"],"_links":{"self":[{"href":"https:\/\/salud.utp.edu.co\/especializacion-entrenamiento-deportivo-y-readaptacion-funcional\/wp-json\/wp\/v2\/posts\/78","targetHints":{"allow":["GET"]}}],"collection":[{"href":"https:\/\/salud.utp.edu.co\/especializacion-entrenamiento-deportivo-y-readaptacion-funcional\/wp-json\/wp\/v2\/posts"}],"about":[{"href":"https:\/\/salud.utp.edu.co\/especializacion-entrenamiento-deportivo-y-readaptacion-funcional\/wp-json\/wp\/v2\/types\/post"}],"author":[{"embeddable":true,"href":"https:\/\/salud.utp.edu.co\/especializacion-entrenamiento-deportivo-y-readaptacion-funcional\/wp-json\/wp\/v2\/users\/4"}],"replies":[{"embeddable":true,"href":"https:\/\/salud.utp.edu.co\/especializacion-entrenamiento-deportivo-y-readaptacion-funcional\/wp-json\/wp\/v2\/comments?post=78"}],"version-history":[{"count":2,"href":"https:\/\/salud.utp.edu.co\/especializacion-entrenamiento-deportivo-y-readaptacion-funcional\/wp-json\/wp\/v2\/posts\/78\/revisions"}],"predecessor-version":[{"id":80,"href":"https:\/\/salud.utp.edu.co\/especializacion-entrenamiento-deportivo-y-readaptacion-funcional\/wp-json\/wp\/v2\/posts\/78\/revisions\/80"}],"wp:attachment":[{"href":"https:\/\/salud.utp.edu.co\/especializacion-entrenamiento-deportivo-y-readaptacion-funcional\/wp-json\/wp\/v2\/media?parent=78"}],"wp:term":[{"taxonomy":"category","embeddable":true,"href":"https:\/\/salud.utp.edu.co\/especializacion-entrenamiento-deportivo-y-readaptacion-funcional\/wp-json\/wp\/v2\/categories?post=78"},{"taxonomy":"post_tag","embeddable":true,"href":"https:\/\/salud.utp.edu.co\/especializacion-entrenamiento-deportivo-y-readaptacion-funcional\/wp-json\/wp\/v2\/tags?post=78"}],"curies":[{"name":"wp","href":"https:\/\/api.w.org\/{rel}","templated":true}]}}