{"id":76,"date":"2025-02-26T10:36:29","date_gmt":"2025-02-26T15:36:29","guid":{"rendered":"https:\/\/salud.utp.edu.co\/especializacion-entrenamiento-deportivo-y-readaptacion-funcional\/?p=76"},"modified":"2025-02-26T10:36:29","modified_gmt":"2025-02-26T15:36:29","slug":"expectativas-ocupacionales-del-egresado","status":"publish","type":"post","link":"https:\/\/salud.utp.edu.co\/especializacion-entrenamiento-deportivo-y-readaptacion-funcional\/sin-categoria\/expectativas-ocupacionales-del-egresado\/","title":{"rendered":"Expectativas ocupacionales del egresado"},"content":{"rendered":"\n<p><span class=\"post-content__span\"> <strong>El estudiante egresado tendr\u00e1 toda la formaci\u00f3n y competencias para desempe\u00f1arse como:<\/strong><\/p>\n\n\n\n<ul class=\"wp-block-list\">\n<li><strong>Especialista en Entrenamiento Deportivo y Readaptaci\u00f3n Funcional<\/strong>, dise\u00f1ando e implementando programas especializados para la optimizaci\u00f3n del rendimiento deportivo y la rehabilitaci\u00f3n de lesiones en diversos contextos, como el deporte, la salud y la rehabilitaci\u00f3n funcional.<\/li>\n\n\n\n<li><strong>Consultor en procesos de readaptaci\u00f3n f\u00edsica postquir\u00fargica y funcional<\/strong>, orientando tanto a deportistas como a pacientes con patolog\u00edas metab\u00f3licas o musculoesquel\u00e9ticas, facilitando su recuperaci\u00f3n y adaptaci\u00f3n mediante intervenciones personalizadas.<\/li>\n\n\n\n<li><strong>Coordinador de programas de entrenamiento y rehabilitaci\u00f3n en centros deportivos y de salud<\/strong>, gestionando y liderando equipos interdisciplinarios para asegurar la efectividad y la personalizaci\u00f3n de los planes de intervenci\u00f3n f\u00edsica.<\/li>\n\n\n\n<li><strong>Instructor de formaci\u00f3n profesional y continua<\/strong> en el \u00e1mbito de la readaptaci\u00f3n funcional y el entrenamiento deportivo, compartiendo conocimientos y buenas pr\u00e1cticas con otros profesionales de la salud y el deporte.<\/li>\n\n\n\n<li><strong>Asesor en prevenci\u00f3n de lesiones deportivas y promoci\u00f3n de la salud<\/strong>, desarrollando estrategias preventivas basadas en evidencia cient\u00edfica que contribuyan al bienestar f\u00edsico y al rendimiento deportivo en diferentes niveles.<\/li>\n\n\n\n<li><strong>L\u00edder de proyectos de investigaci\u00f3n aplicada<\/strong> en el \u00e1mbito del entrenamiento deportivo y la rehabilitaci\u00f3n funcional, contribuyendo al avance de nuevas metodolog\u00edas y tecnolog\u00edas que mejoren la atenci\u00f3n y el rendimiento de los individuos en recuperaci\u00f3n.<\/li>\n\n\n\n<li><strong>Gestor de la salud y el bienestar f\u00edsico en entornos deportivos<\/strong> y cl\u00ednicos, con un enfoque hol\u00edstico para promover la salud integral, desde la prevenci\u00f3n de lesiones hasta la optimizaci\u00f3n del rendimiento f\u00edsico y la rehabilitaci\u00f3n postquir\u00fargica.<\/li>\n<\/ul>\n","protected":false},"excerpt":{"rendered":"<p>El estudiante egresado tendr\u00e1 toda la formaci\u00f3n y competencias para desempe\u00f1arse como:<\/p>\n","protected":false},"author":4,"featured_media":0,"comment_status":"closed","ping_status":"","sticky":false,"template":"","format":"standard","meta":{"footnotes":""},"categories":[1],"tags":[],"class_list":["post-76","post","type-post","status-publish","format-standard","hentry","category-sin-categoria"],"_links":{"self":[{"href":"https:\/\/salud.utp.edu.co\/especializacion-entrenamiento-deportivo-y-readaptacion-funcional\/wp-json\/wp\/v2\/posts\/76","targetHints":{"allow":["GET"]}}],"collection":[{"href":"https:\/\/salud.utp.edu.co\/especializacion-entrenamiento-deportivo-y-readaptacion-funcional\/wp-json\/wp\/v2\/posts"}],"about":[{"href":"https:\/\/salud.utp.edu.co\/especializacion-entrenamiento-deportivo-y-readaptacion-funcional\/wp-json\/wp\/v2\/types\/post"}],"author":[{"embeddable":true,"href":"https:\/\/salud.utp.edu.co\/especializacion-entrenamiento-deportivo-y-readaptacion-funcional\/wp-json\/wp\/v2\/users\/4"}],"replies":[{"embeddable":true,"href":"https:\/\/salud.utp.edu.co\/especializacion-entrenamiento-deportivo-y-readaptacion-funcional\/wp-json\/wp\/v2\/comments?post=76"}],"version-history":[{"count":1,"href":"https:\/\/salud.utp.edu.co\/especializacion-entrenamiento-deportivo-y-readaptacion-funcional\/wp-json\/wp\/v2\/posts\/76\/revisions"}],"predecessor-version":[{"id":77,"href":"https:\/\/salud.utp.edu.co\/especializacion-entrenamiento-deportivo-y-readaptacion-funcional\/wp-json\/wp\/v2\/posts\/76\/revisions\/77"}],"wp:attachment":[{"href":"https:\/\/salud.utp.edu.co\/especializacion-entrenamiento-deportivo-y-readaptacion-funcional\/wp-json\/wp\/v2\/media?parent=76"}],"wp:term":[{"taxonomy":"category","embeddable":true,"href":"https:\/\/salud.utp.edu.co\/especializacion-entrenamiento-deportivo-y-readaptacion-funcional\/wp-json\/wp\/v2\/categories?post=76"},{"taxonomy":"post_tag","embeddable":true,"href":"https:\/\/salud.utp.edu.co\/especializacion-entrenamiento-deportivo-y-readaptacion-funcional\/wp-json\/wp\/v2\/tags?post=76"}],"curies":[{"name":"wp","href":"https:\/\/api.w.org\/{rel}","templated":true}]}}