{"id":74,"date":"2025-02-26T10:36:14","date_gmt":"2025-02-26T15:36:14","guid":{"rendered":"https:\/\/salud.utp.edu.co\/especializacion-entrenamiento-deportivo-y-readaptacion-funcional\/?p=74"},"modified":"2025-02-26T10:36:14","modified_gmt":"2025-02-26T15:36:14","slug":"perfil-del-egresado","status":"publish","type":"post","link":"https:\/\/salud.utp.edu.co\/especializacion-entrenamiento-deportivo-y-readaptacion-funcional\/sin-categoria\/perfil-del-egresado\/","title":{"rendered":"Perfil del egresado"},"content":{"rendered":"\n<p><span class=\"post-content__span\"> Al finalizar el programa, el egresado ser\u00e1 capaz de:<\/p>\n\n\n\n<ul class=\"wp-block-list\">\n<li><strong>Dise\u00f1ar e implementar programas de entrenamiento deportivo<\/strong> personalizados, basados en principios cient\u00edficos, que optimicen el rendimiento f\u00edsico de los deportistas.<\/li>\n\n\n\n<li><strong>Desarrollar y ejecutar planes de readaptaci\u00f3n funcional<\/strong> para la rehabilitaci\u00f3n de lesiones, tanto en contextos deportivos como en procesos postquir\u00fargicos, metab\u00f3licos y funcionales.<\/li>\n\n\n\n<li><strong>Evaluar y monitorizar el progreso<\/strong> de los individuos en sus procesos de entrenamiento y rehabilitaci\u00f3n, utilizando herramientas y m\u00e9todos de medici\u00f3n apropiados.<\/li>\n\n\n\n<li><strong>Aplicar estrategias de prevenci\u00f3n de lesiones<\/strong> mediante el dise\u00f1o de programas que fomenten la salud f\u00edsica y el bienestar de los individuos.<\/li>\n\n\n\n<li><strong>Trabajar de manera interdisciplinaria<\/strong> con otros profesionales de la salud, deporte y rehabilitaci\u00f3n para desarrollar enfoques integrales y personalizados de intervenci\u00f3n.<\/li>\n\n\n\n<li><strong>Aportar al desarrollo y la innovaci\u00f3n<\/strong> en el campo del entrenamiento deportivo y la readaptaci\u00f3n funcional, a trav\u00e9s de la aplicaci\u00f3n de avances cient\u00edficos y tecnol\u00f3gicos.<\/li>\n\n\n\n<li><strong>Gestionar y liderar proyectos de entrenamiento deportivo y rehabilitaci\u00f3n<\/strong> en diferentes contextos, con un enfoque \u00e9tico, humano y basado en la evidencia cient\u00edfica.<\/li>\n\n\n\n<li><strong>Fomentar una cultura de h\u00e1bitos saludables<\/strong> tanto en el \u00e1mbito deportivo como en la readaptacion funcional, promoviendo estilos de vida que contribuyan al bienestar integral de los individuos.<\/li>\n<\/ul>\n","protected":false},"excerpt":{"rendered":"<p>Al finalizar el programa, el egresado ser\u00e1 capaz de:<\/p>\n","protected":false},"author":4,"featured_media":0,"comment_status":"closed","ping_status":"","sticky":false,"template":"","format":"standard","meta":{"footnotes":""},"categories":[1],"tags":[],"class_list":["post-74","post","type-post","status-publish","format-standard","hentry","category-sin-categoria"],"_links":{"self":[{"href":"https:\/\/salud.utp.edu.co\/especializacion-entrenamiento-deportivo-y-readaptacion-funcional\/wp-json\/wp\/v2\/posts\/74","targetHints":{"allow":["GET"]}}],"collection":[{"href":"https:\/\/salud.utp.edu.co\/especializacion-entrenamiento-deportivo-y-readaptacion-funcional\/wp-json\/wp\/v2\/posts"}],"about":[{"href":"https:\/\/salud.utp.edu.co\/especializacion-entrenamiento-deportivo-y-readaptacion-funcional\/wp-json\/wp\/v2\/types\/post"}],"author":[{"embeddable":true,"href":"https:\/\/salud.utp.edu.co\/especializacion-entrenamiento-deportivo-y-readaptacion-funcional\/wp-json\/wp\/v2\/users\/4"}],"replies":[{"embeddable":true,"href":"https:\/\/salud.utp.edu.co\/especializacion-entrenamiento-deportivo-y-readaptacion-funcional\/wp-json\/wp\/v2\/comments?post=74"}],"version-history":[{"count":1,"href":"https:\/\/salud.utp.edu.co\/especializacion-entrenamiento-deportivo-y-readaptacion-funcional\/wp-json\/wp\/v2\/posts\/74\/revisions"}],"predecessor-version":[{"id":75,"href":"https:\/\/salud.utp.edu.co\/especializacion-entrenamiento-deportivo-y-readaptacion-funcional\/wp-json\/wp\/v2\/posts\/74\/revisions\/75"}],"wp:attachment":[{"href":"https:\/\/salud.utp.edu.co\/especializacion-entrenamiento-deportivo-y-readaptacion-funcional\/wp-json\/wp\/v2\/media?parent=74"}],"wp:term":[{"taxonomy":"category","embeddable":true,"href":"https:\/\/salud.utp.edu.co\/especializacion-entrenamiento-deportivo-y-readaptacion-funcional\/wp-json\/wp\/v2\/categories?post=74"},{"taxonomy":"post_tag","embeddable":true,"href":"https:\/\/salud.utp.edu.co\/especializacion-entrenamiento-deportivo-y-readaptacion-funcional\/wp-json\/wp\/v2\/tags?post=74"}],"curies":[{"name":"wp","href":"https:\/\/api.w.org\/{rel}","templated":true}]}}