{"id":72,"date":"2025-02-26T10:35:45","date_gmt":"2025-02-26T15:35:45","guid":{"rendered":"https:\/\/salud.utp.edu.co\/especializacion-entrenamiento-deportivo-y-readaptacion-funcional\/?p=72"},"modified":"2025-02-26T10:35:45","modified_gmt":"2025-02-26T15:35:45","slug":"perfil-del-aspirante","status":"publish","type":"post","link":"https:\/\/salud.utp.edu.co\/especializacion-entrenamiento-deportivo-y-readaptacion-funcional\/sin-categoria\/perfil-del-aspirante\/","title":{"rendered":"Perfil del aspirante"},"content":{"rendered":"\n<p><span class=\"post-content__span\"> El programa est\u00e1 dirigido a profesionales en \u00e1reas relacionadas con la salud, el deporte y la recreaci\u00f3n, tales como fisioterapeutas, entrenadores deportivos, m\u00e9dicos, kinesi\u00f3logos y profesionales de disciplinas afines, que deseen especializarse en la optimizaci\u00f3n del rendimiento deportivo y la readaptaci\u00f3n funcional. Se busca aspirantes con inter\u00e9s en profundizar en el dise\u00f1o e implementaci\u00f3n de programas de entrenamiento y rehabilitaci\u00f3n personalizados, con un enfoque cient\u00edfico y pr\u00e1ctico, orientados a la mejora de la salud y el bienestar de los individuos, as\u00ed como a la rehabilitaci\u00f3n postquir\u00fargica y funcional<\/p>\n","protected":false},"excerpt":{"rendered":"<p>El programa est\u00e1 dirigido a profesionales en \u00e1reas relacionadas con la salud, el deporte y la recreaci\u00f3n, tales como fisioterapeutas, entrenadores deportivos, m\u00e9dicos, kinesi\u00f3logos y profesionales de disciplinas afines, que [&#8230;]<\/p>\n","protected":false},"author":4,"featured_media":0,"comment_status":"closed","ping_status":"","sticky":false,"template":"","format":"standard","meta":{"footnotes":""},"categories":[1],"tags":[],"class_list":["post-72","post","type-post","status-publish","format-standard","hentry","category-sin-categoria"],"_links":{"self":[{"href":"https:\/\/salud.utp.edu.co\/especializacion-entrenamiento-deportivo-y-readaptacion-funcional\/wp-json\/wp\/v2\/posts\/72","targetHints":{"allow":["GET"]}}],"collection":[{"href":"https:\/\/salud.utp.edu.co\/especializacion-entrenamiento-deportivo-y-readaptacion-funcional\/wp-json\/wp\/v2\/posts"}],"about":[{"href":"https:\/\/salud.utp.edu.co\/especializacion-entrenamiento-deportivo-y-readaptacion-funcional\/wp-json\/wp\/v2\/types\/post"}],"author":[{"embeddable":true,"href":"https:\/\/salud.utp.edu.co\/especializacion-entrenamiento-deportivo-y-readaptacion-funcional\/wp-json\/wp\/v2\/users\/4"}],"replies":[{"embeddable":true,"href":"https:\/\/salud.utp.edu.co\/especializacion-entrenamiento-deportivo-y-readaptacion-funcional\/wp-json\/wp\/v2\/comments?post=72"}],"version-history":[{"count":1,"href":"https:\/\/salud.utp.edu.co\/especializacion-entrenamiento-deportivo-y-readaptacion-funcional\/wp-json\/wp\/v2\/posts\/72\/revisions"}],"predecessor-version":[{"id":73,"href":"https:\/\/salud.utp.edu.co\/especializacion-entrenamiento-deportivo-y-readaptacion-funcional\/wp-json\/wp\/v2\/posts\/72\/revisions\/73"}],"wp:attachment":[{"href":"https:\/\/salud.utp.edu.co\/especializacion-entrenamiento-deportivo-y-readaptacion-funcional\/wp-json\/wp\/v2\/media?parent=72"}],"wp:term":[{"taxonomy":"category","embeddable":true,"href":"https:\/\/salud.utp.edu.co\/especializacion-entrenamiento-deportivo-y-readaptacion-funcional\/wp-json\/wp\/v2\/categories?post=72"},{"taxonomy":"post_tag","embeddable":true,"href":"https:\/\/salud.utp.edu.co\/especializacion-entrenamiento-deportivo-y-readaptacion-funcional\/wp-json\/wp\/v2\/tags?post=72"}],"curies":[{"name":"wp","href":"https:\/\/api.w.org\/{rel}","templated":true}]}}