{"id":66,"date":"2025-02-26T10:34:50","date_gmt":"2025-02-26T15:34:50","guid":{"rendered":"https:\/\/salud.utp.edu.co\/especializacion-entrenamiento-deportivo-y-readaptacion-funcional\/?p=66"},"modified":"2025-02-26T10:34:50","modified_gmt":"2025-02-26T15:34:50","slug":"mision","status":"publish","type":"post","link":"https:\/\/salud.utp.edu.co\/especializacion-entrenamiento-deportivo-y-readaptacion-funcional\/sin-categoria\/mision\/","title":{"rendered":"Misi\u00f3n"},"content":{"rendered":"\n<p><span class=\"post-content__span\"> La Especializaci\u00f3n en Entrenamiento Deportivo y Readaptaci\u00f3n Funcional de la Universidad Tecnol\u00f3gica de Pereira tiene como misi\u00f3n formar especialistas altamente capacitados en la planificaci\u00f3n, ejecuci\u00f3n y evaluaci\u00f3n del entrenamiento deportivo y la readaptaci\u00f3n funcional, con un enfoque basado en la evidencia cient\u00edfica, la tecnolog\u00eda y la innovaci\u00f3n.<\/p>\n\n\n\n<ol class=\"wp-block-list\"><\/ol>\n\n\n\n<p><span class=\"post-content__span\"> El programa busca desarrollar en sus estudiantes competencias avanzadas para la optimizaci\u00f3n del rendimiento deportivo, la prevenci\u00f3n de lesiones y la recuperaci\u00f3n funcional, contribuyendo as\u00ed al bienestar de los deportistas y la poblaci\u00f3n en general.<\/p>\n","protected":false},"excerpt":{"rendered":"<p>La Especializaci\u00f3n en Entrenamiento Deportivo y Readaptaci\u00f3n Funcional de la Universidad Tecnol\u00f3gica de Pereira tiene como misi\u00f3n formar especialistas altamente capacitados en la planificaci\u00f3n, ejecuci\u00f3n y evaluaci\u00f3n del entrenamiento deportivo [&#8230;]<\/p>\n","protected":false},"author":4,"featured_media":0,"comment_status":"closed","ping_status":"","sticky":false,"template":"","format":"standard","meta":{"footnotes":""},"categories":[1],"tags":[],"class_list":["post-66","post","type-post","status-publish","format-standard","hentry","category-sin-categoria"],"_links":{"self":[{"href":"https:\/\/salud.utp.edu.co\/especializacion-entrenamiento-deportivo-y-readaptacion-funcional\/wp-json\/wp\/v2\/posts\/66","targetHints":{"allow":["GET"]}}],"collection":[{"href":"https:\/\/salud.utp.edu.co\/especializacion-entrenamiento-deportivo-y-readaptacion-funcional\/wp-json\/wp\/v2\/posts"}],"about":[{"href":"https:\/\/salud.utp.edu.co\/especializacion-entrenamiento-deportivo-y-readaptacion-funcional\/wp-json\/wp\/v2\/types\/post"}],"author":[{"embeddable":true,"href":"https:\/\/salud.utp.edu.co\/especializacion-entrenamiento-deportivo-y-readaptacion-funcional\/wp-json\/wp\/v2\/users\/4"}],"replies":[{"embeddable":true,"href":"https:\/\/salud.utp.edu.co\/especializacion-entrenamiento-deportivo-y-readaptacion-funcional\/wp-json\/wp\/v2\/comments?post=66"}],"version-history":[{"count":1,"href":"https:\/\/salud.utp.edu.co\/especializacion-entrenamiento-deportivo-y-readaptacion-funcional\/wp-json\/wp\/v2\/posts\/66\/revisions"}],"predecessor-version":[{"id":67,"href":"https:\/\/salud.utp.edu.co\/especializacion-entrenamiento-deportivo-y-readaptacion-funcional\/wp-json\/wp\/v2\/posts\/66\/revisions\/67"}],"wp:attachment":[{"href":"https:\/\/salud.utp.edu.co\/especializacion-entrenamiento-deportivo-y-readaptacion-funcional\/wp-json\/wp\/v2\/media?parent=66"}],"wp:term":[{"taxonomy":"category","embeddable":true,"href":"https:\/\/salud.utp.edu.co\/especializacion-entrenamiento-deportivo-y-readaptacion-funcional\/wp-json\/wp\/v2\/categories?post=66"},{"taxonomy":"post_tag","embeddable":true,"href":"https:\/\/salud.utp.edu.co\/especializacion-entrenamiento-deportivo-y-readaptacion-funcional\/wp-json\/wp\/v2\/tags?post=66"}],"curies":[{"name":"wp","href":"https:\/\/api.w.org\/{rel}","templated":true}]}}