{"id":64,"date":"2025-02-26T10:34:03","date_gmt":"2025-02-26T15:34:03","guid":{"rendered":"https:\/\/salud.utp.edu.co\/especializacion-entrenamiento-deportivo-y-readaptacion-funcional\/?p=64"},"modified":"2025-02-26T10:34:03","modified_gmt":"2025-02-26T15:34:03","slug":"informacion-de-registro","status":"publish","type":"post","link":"https:\/\/salud.utp.edu.co\/especializacion-entrenamiento-deportivo-y-readaptacion-funcional\/sin-categoria\/informacion-de-registro\/","title":{"rendered":"Informaci\u00f3n de Registro"},"content":{"rendered":"\n<figure class=\"wp-block-table\"><table class=\"has-fixed-layout\"><tbody><tr><td><strong>Denominaci\u00f3n Acad\u00e9mica<\/strong> &nbsp;<\/td><td>&nbsp;Especializaci\u00f3n en Entrenamiento Deportivo y Readaptaci\u00f3n Funcional<\/td><\/tr><tr><td><strong>Tipo de programa<\/strong> <strong>&nbsp;<\/strong><\/td><td>Especializaci\u00f3n<\/td><\/tr><tr><td><strong>C\u00f3digo SNIES<\/strong><\/td><td>117387<\/td><\/tr><tr><td><strong>Registro calificado<\/strong><\/td><td>Resoluci\u00f3n No. 019178 29<\/td><\/tr><tr><td><strong>T\u00edtulo que otorga<\/strong><\/td><td>Especialista en Entrenamiento Deportivo y Readaptaci\u00f3n Funcional<\/td><\/tr><tr><td><strong>Modalidad de formaci\u00f3n<\/strong><\/td><td>Presencial<\/td><\/tr><tr><td><strong>Duraci\u00f3n del programa<\/strong><\/td><td>Dos semestres<\/td><\/tr><tr><td><strong>Jornada<\/strong><\/td><td>Diurna<\/td><\/tr><tr><td><strong>Total cr\u00e9ditos<\/strong><\/td><td>25<\/td><\/tr><tr><td><strong>Periodicidad de la admisi\u00f3n <\/strong><strong><\/strong><\/td><td>Anual<\/td><\/tr><tr><td><strong>Requisitos de admisi\u00f3n <\/strong><strong><\/strong><\/td><td>Titulo profesional \u2013 Realizar inscripci\u00f3n e ingreso de documentos<\/td><\/tr><tr><td><strong>Procesos de selecci\u00f3n<\/strong><strong><\/strong><\/td><td>Se realizar\u00e1 siempre y cuando se inscriban m\u00e1s de los 20 estudiantes reglamentarios, cuyos criterios ser\u00e1: Hoja de vida, examen y entrevista<\/td><\/tr><tr><td><strong>Requisitos de grado<\/strong><\/td><td>Cumplimiento del plan de estudios \u2013 Trabajo de grado \u2013 Taller de s\u00edmbolos<\/td><\/tr><tr><td><strong>Costos promedio de matr\u00edcula I semestre<\/strong><\/td><td>3.5 SMMLV<\/td><\/tr><\/tbody><\/table><\/figure>\n","protected":false},"excerpt":{"rendered":"<p>Denominaci\u00f3n Acad\u00e9mica &nbsp; &nbsp;Especializaci\u00f3n en Entrenamiento Deportivo y Readaptaci\u00f3n Funcional Tipo de programa &nbsp; Especializaci\u00f3n C\u00f3digo SNIES 117387 Registro calificado Resoluci\u00f3n No. 019178 29 T\u00edtulo que otorga Especialista en Entrenamiento [&#8230;]<\/p>\n","protected":false},"author":4,"featured_media":0,"comment_status":"closed","ping_status":"","sticky":false,"template":"","format":"standard","meta":{"footnotes":""},"categories":[1],"tags":[],"class_list":["post-64","post","type-post","status-publish","format-standard","hentry","category-sin-categoria"],"_links":{"self":[{"href":"https:\/\/salud.utp.edu.co\/especializacion-entrenamiento-deportivo-y-readaptacion-funcional\/wp-json\/wp\/v2\/posts\/64","targetHints":{"allow":["GET"]}}],"collection":[{"href":"https:\/\/salud.utp.edu.co\/especializacion-entrenamiento-deportivo-y-readaptacion-funcional\/wp-json\/wp\/v2\/posts"}],"about":[{"href":"https:\/\/salud.utp.edu.co\/especializacion-entrenamiento-deportivo-y-readaptacion-funcional\/wp-json\/wp\/v2\/types\/post"}],"author":[{"embeddable":true,"href":"https:\/\/salud.utp.edu.co\/especializacion-entrenamiento-deportivo-y-readaptacion-funcional\/wp-json\/wp\/v2\/users\/4"}],"replies":[{"embeddable":true,"href":"https:\/\/salud.utp.edu.co\/especializacion-entrenamiento-deportivo-y-readaptacion-funcional\/wp-json\/wp\/v2\/comments?post=64"}],"version-history":[{"count":1,"href":"https:\/\/salud.utp.edu.co\/especializacion-entrenamiento-deportivo-y-readaptacion-funcional\/wp-json\/wp\/v2\/posts\/64\/revisions"}],"predecessor-version":[{"id":65,"href":"https:\/\/salud.utp.edu.co\/especializacion-entrenamiento-deportivo-y-readaptacion-funcional\/wp-json\/wp\/v2\/posts\/64\/revisions\/65"}],"wp:attachment":[{"href":"https:\/\/salud.utp.edu.co\/especializacion-entrenamiento-deportivo-y-readaptacion-funcional\/wp-json\/wp\/v2\/media?parent=64"}],"wp:term":[{"taxonomy":"category","embeddable":true,"href":"https:\/\/salud.utp.edu.co\/especializacion-entrenamiento-deportivo-y-readaptacion-funcional\/wp-json\/wp\/v2\/categories?post=64"},{"taxonomy":"post_tag","embeddable":true,"href":"https:\/\/salud.utp.edu.co\/especializacion-entrenamiento-deportivo-y-readaptacion-funcional\/wp-json\/wp\/v2\/tags?post=64"}],"curies":[{"name":"wp","href":"https:\/\/api.w.org\/{rel}","templated":true}]}}