{"id":62,"date":"2025-02-26T10:32:40","date_gmt":"2025-02-26T15:32:40","guid":{"rendered":"https:\/\/salud.utp.edu.co\/especializacion-entrenamiento-deportivo-y-readaptacion-funcional\/?p=62"},"modified":"2025-02-26T10:47:14","modified_gmt":"2025-02-26T15:47:14","slug":"recursos-y-talentos","status":"publish","type":"post","link":"https:\/\/salud.utp.edu.co\/especializacion-entrenamiento-deportivo-y-readaptacion-funcional\/noticias-de-interes\/recursos-y-talentos\/","title":{"rendered":"Recursos y talentos"},"content":{"rendered":"\n<ul class=\"wp-block-list\">\n<li><strong><em>). <\/em><\/strong>La Especializaci\u00f3n en Entrenamiento Deportivo y Readaptaci\u00f3n Funcional de la Universidad Tecnol\u00f3gica de Pereira cuenta con una s\u00f3lida infraestructura, recursos tecnol\u00f3gicos avanzados y un equipo docente altamente calificado, lo que garantiza una formaci\u00f3n de excelencia para sus estudiantes.<\/li>\n<\/ul>\n\n\n\n<p><span class=\"post-content__span\"> <strong><em>Talento humano<\/em><\/strong><\/p>\n\n\n\n<p><span class=\"post-content__span\"> El programa es liderado por un cuerpo docente compuesto por especialistas, mag\u00edsteres y doctores en \u00e1reas como entrenamiento deportivo, fisiolog\u00eda del ejercicio, biomec\u00e1nica, rehabilitaci\u00f3n deportiva y control de la carga de entrenamiento. Estos profesionales tienen una amplia trayectoria en investigaci\u00f3n, docencia y pr\u00e1ctica deportiva, lo que permite una ense\u00f1anza actualizada y aplicada a las necesidades del sector.<\/p>\n\n\n\n<p><span class=\"post-content__span\"> <strong><em>Infraestructura y recursos t\u00e9cnicos<\/em><\/strong><\/p>\n\n\n\n<p><span class=\"post-content__span\"> Los estudiantes de la especializaci\u00f3n tienen acceso a:<\/p>\n\n\n\n<p><span class=\"post-content__span\"> Laboratorio del Movimiento, equipado con tecnolog\u00eda avanzada para pruebas de esfuerzo, espirometr\u00eda, evaluaci\u00f3n neuromuscular y antropometr\u00eda.<\/p>\n\n\n\n<p><span class=\"post-content__span\"> Unidad de Ciencias Aplicadas al Deporte (UCAD), con herramientas para el an\u00e1lisis del rendimiento deportivo.<\/p>\n\n\n\n<p><span class=\"post-content__span\"> Convenios con la Secretar\u00eda Departamental de Deportes y el SENA, lo que permite el uso de equipos como sistemas de obtenci\u00f3n \u00f3ptica de datos (Optogait) para la evaluaci\u00f3n biomec\u00e1nica.<\/p>\n\n\n\n<p><span class=\"post-content__span\"> Escenarios deportivos de alta calidad dentro del campus, que incluyen piscina, canchas, gimnasio y pista atl\u00e9tica, facilitando el desarrollo de sesiones pr\u00e1cticas sin necesidad de desplazamientos externos.<\/p>\n\n\n\n<p><span class=\"post-content__span\"> <strong><em>Recursos tecnol\u00f3gicos<\/em><\/strong><\/p>\n\n\n\n<p><span class=\"post-content__span\"> El programa integra herramientas digitales y metodolog\u00edas innovadoras en el proceso de formaci\u00f3n, incluyendo:<\/p>\n\n\n\n<p><span class=\"post-content__span\"> Uso de TICs en la ense\u00f1anza, como plataformas educativas y software de an\u00e1lisis biomec\u00e1nico y fisiol\u00f3gico.<\/p>\n\n\n\n<p><span class=\"post-content__span\"> Implementaci\u00f3n de estrategias de internacionalizaci\u00f3n, con acceso a material acad\u00e9mico en ingl\u00e9s y cotutor\u00edas con docentes internacionales.<\/p>\n","protected":false},"excerpt":{"rendered":"<p>Talento humano El programa es liderado por un cuerpo docente compuesto por especialistas, mag\u00edsteres y doctores en \u00e1reas como entrenamiento deportivo, fisiolog\u00eda del ejercicio, biomec\u00e1nica, rehabilitaci\u00f3n deportiva y control de [&#8230;]<\/p>\n","protected":false},"author":4,"featured_media":0,"comment_status":"closed","ping_status":"closed","sticky":false,"template":"","format":"standard","meta":{"footnotes":""},"categories":[5],"tags":[],"class_list":["post-62","post","type-post","status-publish","format-standard","hentry","category-noticias-de-interes"],"_links":{"self":[{"href":"https:\/\/salud.utp.edu.co\/especializacion-entrenamiento-deportivo-y-readaptacion-funcional\/wp-json\/wp\/v2\/posts\/62","targetHints":{"allow":["GET"]}}],"collection":[{"href":"https:\/\/salud.utp.edu.co\/especializacion-entrenamiento-deportivo-y-readaptacion-funcional\/wp-json\/wp\/v2\/posts"}],"about":[{"href":"https:\/\/salud.utp.edu.co\/especializacion-entrenamiento-deportivo-y-readaptacion-funcional\/wp-json\/wp\/v2\/types\/post"}],"author":[{"embeddable":true,"href":"https:\/\/salud.utp.edu.co\/especializacion-entrenamiento-deportivo-y-readaptacion-funcional\/wp-json\/wp\/v2\/users\/4"}],"replies":[{"embeddable":true,"href":"https:\/\/salud.utp.edu.co\/especializacion-entrenamiento-deportivo-y-readaptacion-funcional\/wp-json\/wp\/v2\/comments?post=62"}],"version-history":[{"count":1,"href":"https:\/\/salud.utp.edu.co\/especializacion-entrenamiento-deportivo-y-readaptacion-funcional\/wp-json\/wp\/v2\/posts\/62\/revisions"}],"predecessor-version":[{"id":63,"href":"https:\/\/salud.utp.edu.co\/especializacion-entrenamiento-deportivo-y-readaptacion-funcional\/wp-json\/wp\/v2\/posts\/62\/revisions\/63"}],"wp:attachment":[{"href":"https:\/\/salud.utp.edu.co\/especializacion-entrenamiento-deportivo-y-readaptacion-funcional\/wp-json\/wp\/v2\/media?parent=62"}],"wp:term":[{"taxonomy":"category","embeddable":true,"href":"https:\/\/salud.utp.edu.co\/especializacion-entrenamiento-deportivo-y-readaptacion-funcional\/wp-json\/wp\/v2\/categories?post=62"},{"taxonomy":"post_tag","embeddable":true,"href":"https:\/\/salud.utp.edu.co\/especializacion-entrenamiento-deportivo-y-readaptacion-funcional\/wp-json\/wp\/v2\/tags?post=62"}],"curies":[{"name":"wp","href":"https:\/\/api.w.org\/{rel}","templated":true}]}}