{"id":60,"date":"2025-02-26T10:31:33","date_gmt":"2025-02-26T15:31:33","guid":{"rendered":"https:\/\/salud.utp.edu.co\/especializacion-entrenamiento-deportivo-y-readaptacion-funcional\/?p=60"},"modified":"2025-02-26T11:31:46","modified_gmt":"2025-02-26T16:31:46","slug":"historia-del-programa","status":"publish","type":"post","link":"https:\/\/salud.utp.edu.co\/especializacion-entrenamiento-deportivo-y-readaptacion-funcional\/noticias-de-interes\/historia-del-programa\/","title":{"rendered":"Historia del programa"},"content":{"rendered":"\n<p><span class=\"post-content__span\"> La Especializaci\u00f3n en Entrenamiento Deportivo y Readaptaci\u00f3n Funcional surge como respuesta a la creciente demanda de profesionales capacitados en el \u00e1mbito del entrenamiento deportivo y la rehabilitaci\u00f3n funcional. Su creaci\u00f3n fue el resultado de un proceso juicioso y participativo liderado por la Facultad de Ciencias de la Salud de la Universidad Tecnol\u00f3gica de Pereira, en l\u00ednea con las necesidades del contexto regional y nacional.<\/p>\n\n\n\n<p><span class=\"post-content__span\"> Desde su concepci\u00f3n, el programa ha sido dise\u00f1ado para fortalecer la formaci\u00f3n de profesionales en Ciencias del Deporte, Educaci\u00f3n F\u00edsica y \u00e1reas afines, brindando herramientas te\u00f3rico-pr\u00e1cticas para la optimizaci\u00f3n del rendimiento deportivo, la prevenci\u00f3n de lesiones y la readaptaci\u00f3n funcional.<\/p>\n\n\n\n<p><span class=\"post-content__span\"> El proceso de estructuraci\u00f3n del programa incluy\u00f3 la realizaci\u00f3n de mesas de trabajo con docentes y egresados, as\u00ed como el an\u00e1lisis de tendencias en el campo del entrenamiento deportivo. A trav\u00e9s de estos espacios, se definieron los tres ejes diferenciadores del programa:<\/p>\n\n\n\n<p><span class=\"post-content__span\"> Entrenamiento deportivo basado en control de la carga y tecnolog\u00edas avanzadas.<\/p>\n\n\n\n<p><span class=\"post-content__span\"> Readaptaci\u00f3n funcional para la prevenci\u00f3n y recuperaci\u00f3n de lesiones.<\/p>\n\n\n\n<p><span class=\"post-content__span\"> Enfoque interdisciplinario e innovador en la planificaci\u00f3n del entrenamiento.<\/p>\n\n\n\n<p><span class=\"post-content__span\"> El programa obtuvo su registro calificado tras cumplir con los est\u00e1ndares de calidad exigidos por el Ministerio de Educaci\u00f3n Nacional, consolid\u00e1ndose como una opci\u00f3n acad\u00e9mica clave en la formaci\u00f3n de especialistas en entrenamiento deportivo y readaptaci\u00f3n funcional<\/p>\n","protected":false},"excerpt":{"rendered":"<p>La Especializaci\u00f3n en Entrenamiento Deportivo y Readaptaci\u00f3n Funcional surge como respuesta a la creciente demanda de profesionales capacitados en el \u00e1mbito del entrenamiento deportivo y la rehabilitaci\u00f3n funcional. Su creaci\u00f3n [&#8230;]<\/p>\n","protected":false},"author":4,"featured_media":0,"comment_status":"closed","ping_status":"closed","sticky":false,"template":"","format":"standard","meta":{"footnotes":""},"categories":[5],"tags":[],"class_list":["post-60","post","type-post","status-publish","format-standard","hentry","category-noticias-de-interes"],"_links":{"self":[{"href":"https:\/\/salud.utp.edu.co\/especializacion-entrenamiento-deportivo-y-readaptacion-funcional\/wp-json\/wp\/v2\/posts\/60","targetHints":{"allow":["GET"]}}],"collection":[{"href":"https:\/\/salud.utp.edu.co\/especializacion-entrenamiento-deportivo-y-readaptacion-funcional\/wp-json\/wp\/v2\/posts"}],"about":[{"href":"https:\/\/salud.utp.edu.co\/especializacion-entrenamiento-deportivo-y-readaptacion-funcional\/wp-json\/wp\/v2\/types\/post"}],"author":[{"embeddable":true,"href":"https:\/\/salud.utp.edu.co\/especializacion-entrenamiento-deportivo-y-readaptacion-funcional\/wp-json\/wp\/v2\/users\/4"}],"replies":[{"embeddable":true,"href":"https:\/\/salud.utp.edu.co\/especializacion-entrenamiento-deportivo-y-readaptacion-funcional\/wp-json\/wp\/v2\/comments?post=60"}],"version-history":[{"count":3,"href":"https:\/\/salud.utp.edu.co\/especializacion-entrenamiento-deportivo-y-readaptacion-funcional\/wp-json\/wp\/v2\/posts\/60\/revisions"}],"predecessor-version":[{"id":119,"href":"https:\/\/salud.utp.edu.co\/especializacion-entrenamiento-deportivo-y-readaptacion-funcional\/wp-json\/wp\/v2\/posts\/60\/revisions\/119"}],"wp:attachment":[{"href":"https:\/\/salud.utp.edu.co\/especializacion-entrenamiento-deportivo-y-readaptacion-funcional\/wp-json\/wp\/v2\/media?parent=60"}],"wp:term":[{"taxonomy":"category","embeddable":true,"href":"https:\/\/salud.utp.edu.co\/especializacion-entrenamiento-deportivo-y-readaptacion-funcional\/wp-json\/wp\/v2\/categories?post=60"},{"taxonomy":"post_tag","embeddable":true,"href":"https:\/\/salud.utp.edu.co\/especializacion-entrenamiento-deportivo-y-readaptacion-funcional\/wp-json\/wp\/v2\/tags?post=60"}],"curies":[{"name":"wp","href":"https:\/\/api.w.org\/{rel}","templated":true}]}}