{"id":56,"date":"2025-02-26T10:29:42","date_gmt":"2025-02-26T15:29:42","guid":{"rendered":"https:\/\/salud.utp.edu.co\/especializacion-entrenamiento-deportivo-y-readaptacion-funcional\/?p=56"},"modified":"2025-02-26T10:56:30","modified_gmt":"2025-02-26T15:56:30","slug":"descripcion","status":"publish","type":"post","link":"https:\/\/salud.utp.edu.co\/especializacion-entrenamiento-deportivo-y-readaptacion-funcional\/sin-categoria\/descripcion\/","title":{"rendered":"Descripci\u00f3n"},"content":{"rendered":"\n<p><span class=\"post-content__span\"> La Especializaci\u00f3n en Entrenamiento Deportivo y Readaptaci\u00f3n Funcional surge como respuesta a la creciente demanda de profesionales capacitados en el \u00e1mbito del entrenamiento deportivo y la rehabilitaci\u00f3n funcional. Su creaci\u00f3n fue el resultado de un proceso juicioso y participativo liderado por la Facultad de Ciencias de la Salud de la Universidad Tecnol\u00f3gica de Pereira, en l\u00ednea con las necesidades del contexto regional y nacional.<\/p>\n\n\n\n<p><span class=\"post-content__span\"> Desde su concepci\u00f3n, el programa ha sido dise\u00f1ado para fortalecer la formaci\u00f3n de profesionales en Ciencias del Deporte, Educaci\u00f3n F\u00edsica y \u00e1reas afines, brindando herramientas te\u00f3rico-pr\u00e1cticas para la optimizaci\u00f3n del rendimiento deportivo, la prevenci\u00f3n de lesiones y la readaptaci\u00f3n funcional.<\/p>\n\n\n\n<p><span class=\"post-content__span\"> <strong>Contacto:<\/strong>  <strong><a href=\"mailto:maogarcia@utp.edu.co\">maogarcia@utp.edu.co<\/a><\/strong><\/p>\n","protected":false},"excerpt":{"rendered":"<p>La Especializaci\u00f3n en Entrenamiento Deportivo y Readaptaci\u00f3n Funcional surge como respuesta a la creciente demanda de profesionales capacitados en el \u00e1mbito del entrenamiento deportivo y la rehabilitaci\u00f3n funcional. Su creaci\u00f3n [&#8230;]<\/p>\n","protected":false},"author":4,"featured_media":0,"comment_status":"closed","ping_status":"","sticky":false,"template":"","format":"standard","meta":{"footnotes":""},"categories":[1],"tags":[6],"class_list":["post-56","post","type-post","status-publish","format-standard","hentry","category-sin-categoria","tag-descripcion"],"_links":{"self":[{"href":"https:\/\/salud.utp.edu.co\/especializacion-entrenamiento-deportivo-y-readaptacion-funcional\/wp-json\/wp\/v2\/posts\/56","targetHints":{"allow":["GET"]}}],"collection":[{"href":"https:\/\/salud.utp.edu.co\/especializacion-entrenamiento-deportivo-y-readaptacion-funcional\/wp-json\/wp\/v2\/posts"}],"about":[{"href":"https:\/\/salud.utp.edu.co\/especializacion-entrenamiento-deportivo-y-readaptacion-funcional\/wp-json\/wp\/v2\/types\/post"}],"author":[{"embeddable":true,"href":"https:\/\/salud.utp.edu.co\/especializacion-entrenamiento-deportivo-y-readaptacion-funcional\/wp-json\/wp\/v2\/users\/4"}],"replies":[{"embeddable":true,"href":"https:\/\/salud.utp.edu.co\/especializacion-entrenamiento-deportivo-y-readaptacion-funcional\/wp-json\/wp\/v2\/comments?post=56"}],"version-history":[{"count":2,"href":"https:\/\/salud.utp.edu.co\/especializacion-entrenamiento-deportivo-y-readaptacion-funcional\/wp-json\/wp\/v2\/posts\/56\/revisions"}],"predecessor-version":[{"id":59,"href":"https:\/\/salud.utp.edu.co\/especializacion-entrenamiento-deportivo-y-readaptacion-funcional\/wp-json\/wp\/v2\/posts\/56\/revisions\/59"}],"wp:attachment":[{"href":"https:\/\/salud.utp.edu.co\/especializacion-entrenamiento-deportivo-y-readaptacion-funcional\/wp-json\/wp\/v2\/media?parent=56"}],"wp:term":[{"taxonomy":"category","embeddable":true,"href":"https:\/\/salud.utp.edu.co\/especializacion-entrenamiento-deportivo-y-readaptacion-funcional\/wp-json\/wp\/v2\/categories?post=56"},{"taxonomy":"post_tag","embeddable":true,"href":"https:\/\/salud.utp.edu.co\/especializacion-entrenamiento-deportivo-y-readaptacion-funcional\/wp-json\/wp\/v2\/tags?post=56"}],"curies":[{"name":"wp","href":"https:\/\/api.w.org\/{rel}","templated":true}]}}