{"id":54,"date":"2025-02-26T10:28:19","date_gmt":"2025-02-26T15:28:19","guid":{"rendered":"https:\/\/salud.utp.edu.co\/especializacion-entrenamiento-deportivo-y-readaptacion-funcional\/?p=54"},"modified":"2025-02-26T11:33:12","modified_gmt":"2025-02-26T16:33:12","slug":"informacion-general-del-programa","status":"publish","type":"post","link":"https:\/\/salud.utp.edu.co\/especializacion-entrenamiento-deportivo-y-readaptacion-funcional\/sin-categoria\/informacion-general-del-programa\/","title":{"rendered":"Informaci\u00f3n general del programa"},"content":{"rendered":"\n<ul class=\"wp-block-list\">\n<li><strong><em>Resoluci\u00f3n o acuerdos legales para el funcionamiento del programa.<\/em><\/strong><em> <\/em>La Especializaci\u00f3n en Entrenamiento Deportivo y Readaptaci\u00f3n Funcional de la Universidad Tecnol\u00f3gica de Pereira cuenta con <strong>registro calificado otorgado por el Ministerio de Educaci\u00f3n Nacional<\/strong>, conforme a lo establecido en el <strong>Decreto 1330 de 2019<\/strong> y en el <strong>Decreto \u00danico Reglamentario del Sector Educaci\u00f3n (1075 de 2015)<\/strong>.<\/li>\n<\/ul>\n\n\n\n<p><span class=\"post-content__span\"> El programa fue aprobado mediante el <strong>Acuerdo No. 20 del Consejo Superior Universitario (CSU)<\/strong> para su funcionamiento y el <strong>Acuerdo No. 21 del CSU<\/strong> que define el plan de estudios.<\/p>\n\n\n\n<p><span class=\"post-content__span\"> <\/p>\n","protected":false},"excerpt":{"rendered":"<p>El programa fue aprobado mediante el Acuerdo No. 20 del Consejo Superior Universitario (CSU) para su funcionamiento y el Acuerdo No. 21 del CSU que define el plan de estudios.<\/p>\n","protected":false},"author":4,"featured_media":0,"comment_status":"closed","ping_status":"","sticky":false,"template":"","format":"standard","meta":{"footnotes":""},"categories":[1],"tags":[],"class_list":["post-54","post","type-post","status-publish","format-standard","hentry","category-sin-categoria"],"_links":{"self":[{"href":"https:\/\/salud.utp.edu.co\/especializacion-entrenamiento-deportivo-y-readaptacion-funcional\/wp-json\/wp\/v2\/posts\/54","targetHints":{"allow":["GET"]}}],"collection":[{"href":"https:\/\/salud.utp.edu.co\/especializacion-entrenamiento-deportivo-y-readaptacion-funcional\/wp-json\/wp\/v2\/posts"}],"about":[{"href":"https:\/\/salud.utp.edu.co\/especializacion-entrenamiento-deportivo-y-readaptacion-funcional\/wp-json\/wp\/v2\/types\/post"}],"author":[{"embeddable":true,"href":"https:\/\/salud.utp.edu.co\/especializacion-entrenamiento-deportivo-y-readaptacion-funcional\/wp-json\/wp\/v2\/users\/4"}],"replies":[{"embeddable":true,"href":"https:\/\/salud.utp.edu.co\/especializacion-entrenamiento-deportivo-y-readaptacion-funcional\/wp-json\/wp\/v2\/comments?post=54"}],"version-history":[{"count":3,"href":"https:\/\/salud.utp.edu.co\/especializacion-entrenamiento-deportivo-y-readaptacion-funcional\/wp-json\/wp\/v2\/posts\/54\/revisions"}],"predecessor-version":[{"id":121,"href":"https:\/\/salud.utp.edu.co\/especializacion-entrenamiento-deportivo-y-readaptacion-funcional\/wp-json\/wp\/v2\/posts\/54\/revisions\/121"}],"wp:attachment":[{"href":"https:\/\/salud.utp.edu.co\/especializacion-entrenamiento-deportivo-y-readaptacion-funcional\/wp-json\/wp\/v2\/media?parent=54"}],"wp:term":[{"taxonomy":"category","embeddable":true,"href":"https:\/\/salud.utp.edu.co\/especializacion-entrenamiento-deportivo-y-readaptacion-funcional\/wp-json\/wp\/v2\/categories?post=54"},{"taxonomy":"post_tag","embeddable":true,"href":"https:\/\/salud.utp.edu.co\/especializacion-entrenamiento-deportivo-y-readaptacion-funcional\/wp-json\/wp\/v2\/tags?post=54"}],"curies":[{"name":"wp","href":"https:\/\/api.w.org\/{rel}","templated":true}]}}