{"id":50,"date":"2025-02-26T10:27:36","date_gmt":"2025-02-26T15:27:36","guid":{"rendered":"https:\/\/salud.utp.edu.co\/especializacion-entrenamiento-deportivo-y-readaptacion-funcional\/?p=50"},"modified":"2025-02-26T10:27:36","modified_gmt":"2025-02-26T15:27:36","slug":"informacion-del-director-del-programa","status":"publish","type":"post","link":"https:\/\/salud.utp.edu.co\/especializacion-entrenamiento-deportivo-y-readaptacion-funcional\/sin-categoria\/informacion-del-director-del-programa\/","title":{"rendered":"Informaci\u00f3n del Director del Programa"},"content":{"rendered":"\n<figure class=\"wp-block-table\"><table class=\"has-fixed-layout\"><thead><tr><td colspan=\"3\"><strong>Informaci\u00f3n de contacto<\/strong><\/td><\/tr><\/thead><tbody><tr><td><strong>Nombre completo del director del programa y su auxiliar administrativa.<\/strong><\/td><td colspan=\"2\">Hern\u00e1n Mauricio Garc\u00eda Cardona (Director) \u2013 Sandra Patricia Correa Ceballos (Auxiliar Administrativa)<\/td><\/tr><tr><td><strong>Nombre del programa acad\u00e9mico de posgrado<\/strong><\/td><td colspan=\"2\">Especializaci\u00f3n en Entrenamiento Deportivo y Readaptaci\u00f3n Funcional<\/td><\/tr><tr><td><strong>Adscrito a la facultad de:<\/strong><\/td><td colspan=\"2\">Facultad Ciencias de la Salud<\/td><\/tr><tr><td><strong>Contacto Director<\/strong><\/td><td><strong>Tel\u00e9fono: 3186966267<\/strong><\/td><td><strong>Email: maogarcia@utp.edu.co<\/strong><\/td><\/tr><tr><td><strong>Contacto del programa<\/strong><\/td><td><strong>Tel\u00e9fono:6063137128<\/strong><\/td><td><strong>Email: maogarcia@utp.edu.co<\/strong><\/td><\/tr><\/tbody><\/table><\/figure>\n","protected":false},"excerpt":{"rendered":"<p>Informaci\u00f3n de contacto Nombre completo del director del programa y su auxiliar administrativa. Hern\u00e1n Mauricio Garc\u00eda Cardona (Director) \u2013 Sandra Patricia Correa Ceballos (Auxiliar Administrativa) Nombre del programa acad\u00e9mico de [&#8230;]<\/p>\n","protected":false},"author":4,"featured_media":0,"comment_status":"closed","ping_status":"","sticky":false,"template":"","format":"standard","meta":{"footnotes":""},"categories":[1],"tags":[],"class_list":["post-50","post","type-post","status-publish","format-standard","hentry","category-sin-categoria"],"_links":{"self":[{"href":"https:\/\/salud.utp.edu.co\/especializacion-entrenamiento-deportivo-y-readaptacion-funcional\/wp-json\/wp\/v2\/posts\/50","targetHints":{"allow":["GET"]}}],"collection":[{"href":"https:\/\/salud.utp.edu.co\/especializacion-entrenamiento-deportivo-y-readaptacion-funcional\/wp-json\/wp\/v2\/posts"}],"about":[{"href":"https:\/\/salud.utp.edu.co\/especializacion-entrenamiento-deportivo-y-readaptacion-funcional\/wp-json\/wp\/v2\/types\/post"}],"author":[{"embeddable":true,"href":"https:\/\/salud.utp.edu.co\/especializacion-entrenamiento-deportivo-y-readaptacion-funcional\/wp-json\/wp\/v2\/users\/4"}],"replies":[{"embeddable":true,"href":"https:\/\/salud.utp.edu.co\/especializacion-entrenamiento-deportivo-y-readaptacion-funcional\/wp-json\/wp\/v2\/comments?post=50"}],"version-history":[{"count":1,"href":"https:\/\/salud.utp.edu.co\/especializacion-entrenamiento-deportivo-y-readaptacion-funcional\/wp-json\/wp\/v2\/posts\/50\/revisions"}],"predecessor-version":[{"id":51,"href":"https:\/\/salud.utp.edu.co\/especializacion-entrenamiento-deportivo-y-readaptacion-funcional\/wp-json\/wp\/v2\/posts\/50\/revisions\/51"}],"wp:attachment":[{"href":"https:\/\/salud.utp.edu.co\/especializacion-entrenamiento-deportivo-y-readaptacion-funcional\/wp-json\/wp\/v2\/media?parent=50"}],"wp:term":[{"taxonomy":"category","embeddable":true,"href":"https:\/\/salud.utp.edu.co\/especializacion-entrenamiento-deportivo-y-readaptacion-funcional\/wp-json\/wp\/v2\/categories?post=50"},{"taxonomy":"post_tag","embeddable":true,"href":"https:\/\/salud.utp.edu.co\/especializacion-entrenamiento-deportivo-y-readaptacion-funcional\/wp-json\/wp\/v2\/tags?post=50"}],"curies":[{"name":"wp","href":"https:\/\/api.w.org\/{rel}","templated":true}]}}